{"id":1890,"date":"2020-04-16T08:11:29","date_gmt":"2020-04-16T13:11:29","guid":{"rendered":"https:\/\/encuentroinformativo.com\/?p=1890"},"modified":"2020-04-16T03:16:58","modified_gmt":"2020-04-16T08:16:58","slug":"por-covid-19-curva-de-contagio-aumentara-en-proximas-semanas","status":"publish","type":"post","link":"https:\/\/encuentroinformativo.com.mx\/?p=1890","title":{"rendered":"Por Covid-19, curva de contagio aumentar\u00e1 en pr\u00f3ximas semanas"},"content":{"rendered":"\n<p>Ciudad de M\u00e9xico.- En M\u00e9xico es dif\u00edcil llegar a m\u00e1s del 60 por ciento de aislamiento, porque muchas personas se trasladan para trabajar, y aunque se ha reducido mucho \u201cdebemos incrementar esta medida, pues en otras naciones se ha demostrado que medidas eficientes requieren del 90 por ciento de permanencia en casa\u201d, afirm\u00f3 Samuel Ponce de Le\u00f3n, coordinador de la Comisi\u00f3n Universitaria para la Atenci\u00f3n de la Emergencia del Coronavirus.<\/p>\n\n\n\n<p>Se\u00f1al\u00f3 que el aislamiento en casa no ha sido suficientemente efectivo, por lo que hay un factor de incertidumbre.<\/p>\n\n\n\n<p>En conferencia virtual, los integrantes de la comisi\u00f3n universitaria indicaron que si bien en M\u00e9xico la curva de crecimiento de la COVID-19 no es vertiginosa como en otros pa\u00edses, s\u00ed aumentar\u00e1 en las pr\u00f3ximas semanas, por lo que es necesario incrementar la distancia social y el aislamiento en casa, usar cubrebocas al salir a la calle, pero sin relajar otras medidas como lavarse las manos, limpiar superficies de uso com\u00fan y mantener el estornudo de etiqueta.<\/p>\n\n\n\n<p>Mauricio Rodr\u00edguez \u00c1lvarez, acad\u00e9mico de la Facultad de Medicina (FM), subray\u00f3 que el uso de cubrebocas no debe sustituir otras medidas de protecci\u00f3n, sino sumarse. \u201cEs preciso utilizarlo de manera adecuada, como una prenda individual: lavar y reusar si es de tela, o tirar en una bolsa de pl\u00e1stico si es desechable\u201d.\u00a0<\/p>\n\n\n\n<p>Jorge Baruch D\u00edaz Ram\u00edrez, de la Cl\u00ednica de Atenci\u00f3n Preventiva del Viajero, resalt\u00f3 que el uso de cubrebocas en el transporte p\u00fablico es adecuado, \u201chay iniciativas como su utilizaci\u00f3n obligatoria en el Metro, a partir del viernes 17 de abril\u201d, pero debe acompa\u00f1arse de sugerencias sobre c\u00f3mo portarlo correctamente.<\/p>\n\n\n\n<p><strong>Pr\u00f3ximo incremento de casos<\/strong><\/p>\n\n\n\n<p>Ponce de Le\u00f3n, tambi\u00e9n coordinador del Programa Universitario de Investigaci\u00f3n en Salud (PUIS), reiter\u00f3 que en las pr\u00f3ximas semanas el n\u00famero de casos de COVID-19 aumentar\u00e1, aunque ser\u00e1 en un periodo m\u00e1s largo que en otros pa\u00edses. \u201cEstimamos que tendremos menos muertes que en otras naciones, pero muchos infectados\u201d.<\/p>\n\n\n\n<p>Sobre las pruebas diagn\u00f3sticas que se realizan en la Universidad Nacional, record\u00f3 que se cuenta con dos centros de atenci\u00f3n, donde se atiende a los universitarios previa cita.\u00a0<\/p>\n\n\n\n<p>Tambi\u00e9n \u201cestamos terminando de implementar m\u00e1s laboratorios para hacer pruebas de sangre para nuestra comunidad. Si logramos mayor capacidad, en las pr\u00f3ximas semanas tendremos m\u00e1s sitios de muestras\u201d.<\/p>\n\n\n\n<p>Por su parte, Malaqu\u00edas L\u00f3pez Cervantes, acad\u00e9mico de la FM, advirti\u00f3 que el avance de casos en M\u00e9xico parece lento, \u201cpero veremos un incremento mayor en las pr\u00f3ximas semanas, y esperamos que no se desborde la capacidad m\u00e9dica y contin\u00fae el distanciamiento social para atenuar los requerimientos de atenci\u00f3n hospitalaria\u201d.<\/p>\n\n\n\n<p>En cuanto al transporte p\u00fablico, expuso que en algunos casos se ha suspendido, pero en otras ciudades la movilidad es del 50 a 60 por ciento, y \u201cpor eso el n\u00famero de infectados crecer\u00e1 en las pr\u00f3ximas semanas\u201d.<\/p>\n\n\n\n<p>Baruch D\u00edaz advirti\u00f3 que la ocupaci\u00f3n hospitalaria no ser\u00e1 uniforme en todo el pa\u00eds, y que la Ciudad de M\u00e9xico entrar\u00e1 a fases avanzadas antes que otras entidades, pues aqu\u00ed ocurrieron los primeros contagios.<\/p>\n\n\n\n<p>Asimismo, se refiri\u00f3 a la importancia de que la sociedad tome en cuenta al personal m\u00e9dico enfermo. \u201cLa \u00faltima cifra es por debajo del 10 por ciento, lo cual es alentador, pero est\u00e1 creciendo. El personal de salud debe tener el equipo adecuado para garantizar que no se expongan a riesgos y siga atendiendo a los enfermos\u201d.<\/p>\n\n\n\n<p>Respecto a la movilidad urbana, coment\u00f3 que hay una restricci\u00f3n del 50 por ciento, y de viajeros, del 90 por ciento, \u201cpero habr\u00e1 mejores resultados con 90 por ciento de reducci\u00f3n de movilidad, por lo que debemos incrementarla\u201d.<\/p>\n\n\n\n<p>Rodr\u00edguez \u00c1lvarez indic\u00f3 que comenzaremos a ver epidemias locales y diferenciadas en cada estado o ciudad del pa\u00eds.\u00a0<\/p>\n\n\n\n<p><strong>Atender la prevenci\u00f3n<\/strong><\/p>\n\n\n\n<p>Por \u00faltimo, los especialistas destacaron que despu\u00e9s de esta experiencia de la pandemia del coronavirus, las sociedades no volver\u00e1n a ser iguales. \u201cDemostr\u00f3 que somos fr\u00e1giles, pero capaces de organizarnos, sobre todo porque el riesgo de infecci\u00f3n se va a mantener por los pr\u00f3ximos dos o tres a\u00f1os\u201d, asegur\u00f3 Ponce de Le\u00f3n.<\/p>\n\n\n\n<p>Baruch D\u00edaz consider\u00f3 que la prevenci\u00f3n es clave, e invit\u00f3 a reforzar la capacidad de prevenci\u00f3n y de coordinaci\u00f3n entre los sectores acad\u00e9mico, empresarial y gubernamental.\u00a0<\/p>\n\n\n\n<p>Rodr\u00edguez \u00c1lvarez recomend\u00f3 revalorar el quehacer cient\u00edfico y la comunicaci\u00f3n de la ciencia a la sociedad, as\u00ed como al gremio m\u00e9dico.<\/p>\n\n\n\n<p><\/p>\n","protected":false},"excerpt":{"rendered":"<p>Ciudad de M\u00e9xico.- En M\u00e9xico es dif\u00edcil llegar a m\u00e1s del 60 por ciento de aislamiento, porque muchas personas se trasladan para trabajar, y aunque se ha reducido mucho \u201cdebemos incrementar esta medida, pues en otras naciones se ha demostrado que medidas eficientes requieren del 90 por ciento de permanencia en casa\u201d, afirm\u00f3 Samuel Ponce [&hellip;]<\/p>\n","protected":false},"author":1,"featured_media":938,"comment_status":"open","ping_status":"open","sticky":false,"template":"","format":"standard","meta":{"_jetpack_memberships_contains_paid_content":false,"footnotes":""},"categories":[9],"tags":[],"class_list":["post-1890","post","type-post","status-publish","format-standard","has-post-thumbnail","hentry","category-salud"],"jetpack_featured_media_url":"https:\/\/encuentroinformativo.com.mx\/wp-content\/uploads\/2020\/03\/6ECE8595-63D7-415A-8C55-51C51086A42D.jpeg","jetpack_sharing_enabled":true,"jetpack_likes_enabled":true,"amp_enabled":true,"_links":{"self":[{"href":"https:\/\/encuentroinformativo.com.mx\/index.php?rest_route=\/wp\/v2\/posts\/1890","targetHints":{"allow":["GET"]}}],"collection":[{"href":"https:\/\/encuentroinformativo.com.mx\/index.php?rest_route=\/wp\/v2\/posts"}],"about":[{"href":"https:\/\/encuentroinformativo.com.mx\/index.php?rest_route=\/wp\/v2\/types\/post"}],"author":[{"embeddable":true,"href":"https:\/\/encuentroinformativo.com.mx\/index.php?rest_route=\/wp\/v2\/users\/1"}],"replies":[{"embeddable":true,"href":"https:\/\/encuentroinformativo.com.mx\/index.php?rest_route=%2Fwp%2Fv2%2Fcomments&post=1890"}],"version-history":[{"count":1,"href":"https:\/\/encuentroinformativo.com.mx\/index.php?rest_route=\/wp\/v2\/posts\/1890\/revisions"}],"predecessor-version":[{"id":1891,"href":"https:\/\/encuentroinformativo.com.mx\/index.php?rest_route=\/wp\/v2\/posts\/1890\/revisions\/1891"}],"wp:featuredmedia":[{"embeddable":true,"href":"https:\/\/encuentroinformativo.com.mx\/index.php?rest_route=\/wp\/v2\/media\/938"}],"wp:attachment":[{"href":"https:\/\/encuentroinformativo.com.mx\/index.php?rest_route=%2Fwp%2Fv2%2Fmedia&parent=1890"}],"wp:term":[{"taxonomy":"category","embeddable":true,"href":"https:\/\/encuentroinformativo.com.mx\/index.php?rest_route=%2Fwp%2Fv2%2Fcategories&post=1890"},{"taxonomy":"post_tag","embeddable":true,"href":"https:\/\/encuentroinformativo.com.mx\/index.php?rest_route=%2Fwp%2Fv2%2Ftags&post=1890"}],"curies":[{"name":"wp","href":"https:\/\/api.w.org\/{rel}","templated":true}]}}