{"id":18908,"date":"2021-10-01T09:26:25","date_gmt":"2021-10-01T14:26:25","guid":{"rendered":"https:\/\/encuentroinformativo.com.mx\/?p=18908"},"modified":"2021-10-01T09:26:29","modified_gmt":"2021-10-01T14:26:29","slug":"mhoni-vidente-el-caron-y-amlo","status":"publish","type":"post","link":"https:\/\/encuentroinformativo.com.mx\/?p=18908","title":{"rendered":"Mhoni Vidente: El Car\u00f3n y AMLO"},"content":{"rendered":"\n<p><strong>Los Pol\u00edticos<\/strong><\/p>\n\n\n\n<p><strong>Salvador Mu\u00f1oz<\/strong><\/p>\n\n\n\n<p>No somos adivinos, porque para eso se pinta sola Mhoni Vidente, pero a como est\u00e1 el kilo de mameyazos en el caso de Juan Javier G\u00f3mez Cazar\u00edn, El Car\u00f3n para sus cuates, todo indica que va que vuela para entrar como diputado Plurinominal en la LXVI Legislatura, lo que tambi\u00e9n lo pondera para repetir en la Junta de Coordinaci\u00f3n Pol\u00edtica as\u00ed como coordinador de los morenos.<\/p>\n\n\n\n<p>Y uno se ha de preguntar: Entonces, si siguen los textazos en contra del Car\u00f3n a sabiendas de que va a llegar, \u00bfcu\u00e1l es el objetivo de \u00e9stos?<\/p>\n\n\n\n<p>Muy simple: empa\u00f1ar su arribo con esos se\u00f1alamientos. Bueno, los Caritos (los Only Fans del Car\u00f3n) han de suponer que G\u00f3mez Cazar\u00edn ha de sustentar con la Ley en la mano su Pluri, pero seamos francos: si en su m\u00e1s deliciosa sopa usted se encuentra un solo pelo (que no cabello), o una mosca, o caca de cucaracha, como que la sopa ya no es agradable\u2026 \u00e9sa es la funci\u00f3n de los madrazos al Car\u00f3n\u2026 dejarle un mal sabor de boca.<\/p>\n\n\n\n<p>Otro dato m\u00e1s: En Morena como en Palacio de Gobierno, pero del lado de Cuitl\u00e1huac, se ten\u00eda presupuestado su repetici\u00f3n como Diputado local, por ello fue puesto como Pluri para que durante la campa\u00f1a, anduviera de la Ceca a la Meca trabajando para el partido. Los n\u00fameros all\u00ed est\u00e1n y hablan por \u00e9l.<\/p>\n\n\n\n<p>Ac\u00e1 no se trata del jugoso sueldo de un diputado ni el ser titular de la Jucopo, sino que el inter\u00e9s es que el Poder Paralelo al ejecutivo, controle al Legislativo\u2026 una cosa es la coordinaci\u00f3n que hay entre El Car\u00f3n y el Cuic, y otra ser\u00eda la subordinaci\u00f3n del Legislativo al Rey de Chocolate.<\/p>\n\n\n\n<p>Mientras, los mameyazos al Car\u00f3n seguir\u00e1n antes y despu\u00e9s de que llegue al Congreso\u2026 y no es porque yo la haga de Mhoni Vidente\u2026 lo anuncian los madrazos todos los d\u00edas: pa\u2019 qu\u00e9 tanto brinco si el suelo est\u00e1 parejo.<\/p>\n\n\n\n<p>Por cierto, hablando de Mhoni Vidente por ah\u00ed vi una de sus tantas premoniciones en torno a Andr\u00e9s Manuel L\u00f3pez Obrador.<\/p>\n\n\n\n<p>Digo \u201cuna de tantas\u201d porque las m\u00e1s recientes a las que se refiere al Pejedente, dijo que cuidara su salud as\u00ed como de las traiciones al interior de su equipo\u2026 usted dir\u00e1 qu\u00e9 tan acertadas pueden ser sus advertencias. Otra se refiri\u00f3 a la visita que le hizo el esposo de Mariana Rodr\u00edguez, y anunci\u00f3 que ah\u00ed estaba el sucesor de AMLO: Samuel Garc\u00eda.<\/p>\n\n\n\n<p>La \u00faltima que me contaron de Mhoni Vidente con respecto al Pejedente, fue que anuncia su renuncia a la presidencia por cuestiones de salud para este 2022.<\/p>\n\n\n\n<p>Ll\u00e1menme Pitoniso, pero de cierto modo coincido con ella, aunque con otra fecha y otras razones.<\/p>\n\n\n\n<p>La \u201crenuncia\u201d de AMLO, por salud, por descanso, por lo que usted quiera, se dar\u00eda previo al 2024, para qu\u00e9 o por qu\u00e9, porque de cierto modo al final, Herodes L\u00f3pez Gatell, tiene raz\u00f3n: la fuerza del Peje es moral.<\/p>\n\n\n\n<p>S\u00f3lo imag\u00ednelo como un aut\u00e9ntico Mes\u00edas recorriendo a lo largo y ancho del pa\u00eds para hacer una especie de gira del Agradecimiento al Pueblo Sabio que dio inicio a la Cuarta Transformaci\u00f3n de M\u00e9xico\u2026 \u201caunque todav\u00eda falta, pero con su confianza es seguro que contin\u00fae \u00e9sta por buen camino\u2026\u201d<\/p>\n\n\n\n<p>As\u00ed, como van las cosas, es seguro que de Presidente pase a Sant\u00f3n de la Pol\u00edtica, y no lo digo yo\u2026 tampoco la Mhoni Vidente, sino la forma de ser y hacer de Morena y la Cuarta Transformaci\u00f3n, un dogma, una secta o si quiere, una especie de religi\u00f3n pol\u00edtica&#8230;<\/p>\n\n\n\n<p><a>smcainito@gmail.com<\/a><\/p>\n","protected":false},"excerpt":{"rendered":"<p>Los Pol\u00edticos Salvador Mu\u00f1oz No somos adivinos, porque para eso se pinta sola Mhoni Vidente, pero a como est\u00e1 el kilo de mameyazos en el caso de Juan Javier G\u00f3mez Cazar\u00edn, El Car\u00f3n para sus cuates, todo indica que va que vuela para entrar como diputado Plurinominal en la LXVI Legislatura, lo que tambi\u00e9n lo [&hellip;]<\/p>\n","protected":false},"author":1,"featured_media":387,"comment_status":"open","ping_status":"open","sticky":false,"template":"","format":"standard","meta":{"_jetpack_memberships_contains_paid_content":false,"footnotes":""},"categories":[11],"tags":[],"class_list":["post-18908","post","type-post","status-publish","format-standard","has-post-thumbnail","hentry","category-opinion"],"jetpack_featured_media_url":"https:\/\/encuentroinformativo.com.mx\/wp-content\/uploads\/2020\/03\/7CF8A22B-2764-47BE-8F7F-38FE9E5D6A2F.jpeg","jetpack_sharing_enabled":true,"jetpack_likes_enabled":true,"amp_enabled":true,"_links":{"self":[{"href":"https:\/\/encuentroinformativo.com.mx\/index.php?rest_route=\/wp\/v2\/posts\/18908","targetHints":{"allow":["GET"]}}],"collection":[{"href":"https:\/\/encuentroinformativo.com.mx\/index.php?rest_route=\/wp\/v2\/posts"}],"about":[{"href":"https:\/\/encuentroinformativo.com.mx\/index.php?rest_route=\/wp\/v2\/types\/post"}],"author":[{"embeddable":true,"href":"https:\/\/encuentroinformativo.com.mx\/index.php?rest_route=\/wp\/v2\/users\/1"}],"replies":[{"embeddable":true,"href":"https:\/\/encuentroinformativo.com.mx\/index.php?rest_route=%2Fwp%2Fv2%2Fcomments&post=18908"}],"version-history":[{"count":1,"href":"https:\/\/encuentroinformativo.com.mx\/index.php?rest_route=\/wp\/v2\/posts\/18908\/revisions"}],"predecessor-version":[{"id":18909,"href":"https:\/\/encuentroinformativo.com.mx\/index.php?rest_route=\/wp\/v2\/posts\/18908\/revisions\/18909"}],"wp:featuredmedia":[{"embeddable":true,"href":"https:\/\/encuentroinformativo.com.mx\/index.php?rest_route=\/wp\/v2\/media\/387"}],"wp:attachment":[{"href":"https:\/\/encuentroinformativo.com.mx\/index.php?rest_route=%2Fwp%2Fv2%2Fmedia&parent=18908"}],"wp:term":[{"taxonomy":"category","embeddable":true,"href":"https:\/\/encuentroinformativo.com.mx\/index.php?rest_route=%2Fwp%2Fv2%2Fcategories&post=18908"},{"taxonomy":"post_tag","embeddable":true,"href":"https:\/\/encuentroinformativo.com.mx\/index.php?rest_route=%2Fwp%2Fv2%2Ftags&post=18908"}],"curies":[{"name":"wp","href":"https:\/\/api.w.org\/{rel}","templated":true}]}}