{"id":18915,"date":"2021-10-01T11:00:10","date_gmt":"2021-10-01T16:00:10","guid":{"rendered":"https:\/\/encuentroinformativo.com.mx\/?p=18915"},"modified":"2021-10-01T11:00:14","modified_gmt":"2021-10-01T16:00:14","slug":"dejan-fuera-del-aire-estacion-de-radio-tras-robar-cableado-en-veracruz-puerto","status":"publish","type":"post","link":"https:\/\/encuentroinformativo.com.mx\/?p=18915","title":{"rendered":"Dejan fuera del &#8220;aire&#8221; estaci\u00f3n de radio tras robar cableado en Veracruz puerto"},"content":{"rendered":"\n<p><strong>Alejandro \u00c1vila<\/strong><\/p>\n\n\n\n<p>Veracruz, Ver.- La estaci\u00f3n de radio Imagen, qued\u00f3 fuera del &#8220;aire&#8221; y sus transmisiones no pudieron ser escuchadas por sus seguidores desde la madrugada de este viernes, pues sufrieron el robo de cableado el\u00e9ctrico.<\/p>\n\n\n\n<p>En un inicio, tras perder la energ\u00eda el\u00e9ctrica, los empleados sospecharon de alg\u00fan problema con la Comisi\u00f3n Federal de Electricidad (CFE); aunque tras hacer una revisi\u00f3n de la situaci\u00f3n, se percataron de que ladrones hab\u00edan ingresado al edificio por&nbsp; la parte del techo y robaron el cableado de cobre.<\/p>\n\n\n\n<p>&#8220;Cortaron tubos y jalaron todo el cableado, aproximadamente m\u00e1s de 50 metros de cable, tambi\u00e9n vandalizaron varias instalaciones que tienen que ver con la energ\u00eda el\u00e9ctrica y un aire acondicionado&#8221;, relat\u00f3 Roxana Aguirre, jefa de informaci\u00f3n del noticiero de radio.<\/p>\n\n\n\n<p>El inmueble se encuentra ubicado en la calle general PRIM esquina V\u00edctimas del 25 de junio, en pleno centro de la ciudad de Veracruz.<\/p>\n\n\n\n<p>Durante el \u00faltimo mes, vecinos de la zona han reportado el incremento de robos en la zona, a casa habitaci\u00f3n, autom\u00f3viles y comercios, tan solo este viernes, la Optica Serdan, ubicada en la calle del mismo nombre, fue saqueada cuando ladrones rompieron paredes y robaron todos los productos de venta.<\/p>\n\n\n\n<figure class=\"wp-block-image size-large\"><img loading=\"lazy\" decoding=\"async\" width=\"768\" height=\"1024\" src=\"https:\/\/encuentroinformativo.com.mx\/wp-content\/uploads\/2021\/10\/DC0DF293-5707-4371-9035-8E5877C51AC1-768x1024.jpeg\" alt=\"\" class=\"wp-image-18917\" srcset=\"https:\/\/encuentroinformativo.com.mx\/wp-content\/uploads\/2021\/10\/DC0DF293-5707-4371-9035-8E5877C51AC1-768x1024.jpeg 768w, https:\/\/encuentroinformativo.com.mx\/wp-content\/uploads\/2021\/10\/DC0DF293-5707-4371-9035-8E5877C51AC1-225x300.jpeg 225w, https:\/\/encuentroinformativo.com.mx\/wp-content\/uploads\/2021\/10\/DC0DF293-5707-4371-9035-8E5877C51AC1.jpeg 960w\" sizes=\"auto, (max-width: 768px) 100vw, 768px\" \/><\/figure>\n","protected":false},"excerpt":{"rendered":"<p>Alejandro \u00c1vila Veracruz, Ver.- La estaci\u00f3n de radio Imagen, qued\u00f3 fuera del &#8220;aire&#8221; y sus transmisiones no pudieron ser escuchadas por sus seguidores desde la madrugada de este viernes, pues sufrieron el robo de cableado el\u00e9ctrico. En un inicio, tras perder la energ\u00eda el\u00e9ctrica, los empleados sospecharon de alg\u00fan problema con la Comisi\u00f3n Federal de [&hellip;]<\/p>\n","protected":false},"author":1,"featured_media":18916,"comment_status":"open","ping_status":"open","sticky":false,"template":"","format":"standard","meta":{"_jetpack_memberships_contains_paid_content":false,"footnotes":""},"categories":[2],"tags":[],"class_list":["post-18915","post","type-post","status-publish","format-standard","has-post-thumbnail","hentry","category-estado"],"jetpack_featured_media_url":"https:\/\/encuentroinformativo.com.mx\/wp-content\/uploads\/2021\/10\/3B9CDAFC-7F83-4542-BB26-05B7D5458974.jpeg","jetpack_sharing_enabled":true,"jetpack_likes_enabled":true,"amp_enabled":true,"_links":{"self":[{"href":"https:\/\/encuentroinformativo.com.mx\/index.php?rest_route=\/wp\/v2\/posts\/18915","targetHints":{"allow":["GET"]}}],"collection":[{"href":"https:\/\/encuentroinformativo.com.mx\/index.php?rest_route=\/wp\/v2\/posts"}],"about":[{"href":"https:\/\/encuentroinformativo.com.mx\/index.php?rest_route=\/wp\/v2\/types\/post"}],"author":[{"embeddable":true,"href":"https:\/\/encuentroinformativo.com.mx\/index.php?rest_route=\/wp\/v2\/users\/1"}],"replies":[{"embeddable":true,"href":"https:\/\/encuentroinformativo.com.mx\/index.php?rest_route=%2Fwp%2Fv2%2Fcomments&post=18915"}],"version-history":[{"count":1,"href":"https:\/\/encuentroinformativo.com.mx\/index.php?rest_route=\/wp\/v2\/posts\/18915\/revisions"}],"predecessor-version":[{"id":18918,"href":"https:\/\/encuentroinformativo.com.mx\/index.php?rest_route=\/wp\/v2\/posts\/18915\/revisions\/18918"}],"wp:featuredmedia":[{"embeddable":true,"href":"https:\/\/encuentroinformativo.com.mx\/index.php?rest_route=\/wp\/v2\/media\/18916"}],"wp:attachment":[{"href":"https:\/\/encuentroinformativo.com.mx\/index.php?rest_route=%2Fwp%2Fv2%2Fmedia&parent=18915"}],"wp:term":[{"taxonomy":"category","embeddable":true,"href":"https:\/\/encuentroinformativo.com.mx\/index.php?rest_route=%2Fwp%2Fv2%2Fcategories&post=18915"},{"taxonomy":"post_tag","embeddable":true,"href":"https:\/\/encuentroinformativo.com.mx\/index.php?rest_route=%2Fwp%2Fv2%2Ftags&post=18915"}],"curies":[{"name":"wp","href":"https:\/\/api.w.org\/{rel}","templated":true}]}}