{"id":18919,"date":"2021-10-01T11:08:10","date_gmt":"2021-10-01T16:08:10","guid":{"rendered":"https:\/\/encuentroinformativo.com.mx\/?p=18919"},"modified":"2021-10-01T11:08:13","modified_gmt":"2021-10-01T16:08:13","slug":"localizan-cadaver-flotando-en-macroplaza-del-malecon","status":"publish","type":"post","link":"https:\/\/encuentroinformativo.com.mx\/?p=18919","title":{"rendered":"Localizan cad\u00e1ver flotando en Macroplaza del malec\u00f3n"},"content":{"rendered":"\n<p><strong>Alejandro \u00c1vila<\/strong><\/p>\n\n\n\n<p>A pocos minutos de ver los primeros rayos del sol, trabajadores de la empresa de seguridad privada &#8220;Centauro&#8221;, la cual se encarga de vigilar los muelles, fueron quienes visualizaron el cuerpo flotando en el mar y dieron aviso al 911.<\/p>\n\n\n\n<p>Veracruz, Ver.- La madrugada de este viernes, fue avistado el cuerpo de un hombre flotando sobre el mar ubicado alrededor de la Macroplaza del malec\u00f3n de Veracruz, mismo que gener\u00f3 la movilizaci\u00f3n de personal ministerial a la zona.<\/p>\n\n\n\n<p>Elementos de la Secretar\u00eda de Seguridad P\u00fablica, Polic\u00eda Naval y Municipal se presentaron en el sitio donde confirmaron el hallazgo y procedieron a realizar el acordonamiento perimetral.<\/p>\n\n\n\n<p>Los datos recabados, informan que se trataba de un hombre cerca de los 60 a\u00f1os de edad, el cual se encontraba descalzo, desnud\u00f3 del torso y solo llevaba un pantal\u00f3n de mezclilla, si bien la identidad no ha sido confirmada, se abrio una carpeta de investigaci\u00f3n del caso.<\/p>\n\n\n\n<p>Los servicios periciales y la polic\u00eda ministerial con apoyo de otras corporaciones, lograron jalar el cuerpo, del &#8220;Muelle de la T&#8221;, hasta la orilla de la Macroplaza, para despu\u00e9s trasladarlo al SEMEFO, donde se espera pueda ser identificado y reclamado por familiares.<\/p>\n","protected":false},"excerpt":{"rendered":"<p>Alejandro \u00c1vila A pocos minutos de ver los primeros rayos del sol, trabajadores de la empresa de seguridad privada &#8220;Centauro&#8221;, la cual se encarga de vigilar los muelles, fueron quienes visualizaron el cuerpo flotando en el mar y dieron aviso al 911. Veracruz, Ver.- La madrugada de este viernes, fue avistado el cuerpo de un [&hellip;]<\/p>\n","protected":false},"author":1,"featured_media":18920,"comment_status":"open","ping_status":"open","sticky":false,"template":"","format":"standard","meta":{"_jetpack_memberships_contains_paid_content":false,"footnotes":""},"categories":[14],"tags":[],"class_list":["post-18919","post","type-post","status-publish","format-standard","has-post-thumbnail","hentry","category-policiaca"],"jetpack_featured_media_url":"https:\/\/encuentroinformativo.com.mx\/wp-content\/uploads\/2021\/10\/52741C54-D941-4C59-B525-E787C27AD276.jpeg","jetpack_sharing_enabled":true,"jetpack_likes_enabled":true,"amp_enabled":true,"_links":{"self":[{"href":"https:\/\/encuentroinformativo.com.mx\/index.php?rest_route=\/wp\/v2\/posts\/18919","targetHints":{"allow":["GET"]}}],"collection":[{"href":"https:\/\/encuentroinformativo.com.mx\/index.php?rest_route=\/wp\/v2\/posts"}],"about":[{"href":"https:\/\/encuentroinformativo.com.mx\/index.php?rest_route=\/wp\/v2\/types\/post"}],"author":[{"embeddable":true,"href":"https:\/\/encuentroinformativo.com.mx\/index.php?rest_route=\/wp\/v2\/users\/1"}],"replies":[{"embeddable":true,"href":"https:\/\/encuentroinformativo.com.mx\/index.php?rest_route=%2Fwp%2Fv2%2Fcomments&post=18919"}],"version-history":[{"count":1,"href":"https:\/\/encuentroinformativo.com.mx\/index.php?rest_route=\/wp\/v2\/posts\/18919\/revisions"}],"predecessor-version":[{"id":18921,"href":"https:\/\/encuentroinformativo.com.mx\/index.php?rest_route=\/wp\/v2\/posts\/18919\/revisions\/18921"}],"wp:featuredmedia":[{"embeddable":true,"href":"https:\/\/encuentroinformativo.com.mx\/index.php?rest_route=\/wp\/v2\/media\/18920"}],"wp:attachment":[{"href":"https:\/\/encuentroinformativo.com.mx\/index.php?rest_route=%2Fwp%2Fv2%2Fmedia&parent=18919"}],"wp:term":[{"taxonomy":"category","embeddable":true,"href":"https:\/\/encuentroinformativo.com.mx\/index.php?rest_route=%2Fwp%2Fv2%2Fcategories&post=18919"},{"taxonomy":"post_tag","embeddable":true,"href":"https:\/\/encuentroinformativo.com.mx\/index.php?rest_route=%2Fwp%2Fv2%2Ftags&post=18919"}],"curies":[{"name":"wp","href":"https:\/\/api.w.org\/{rel}","templated":true}]}}