{"id":18925,"date":"2021-10-01T13:14:04","date_gmt":"2021-10-01T18:14:04","guid":{"rendered":"https:\/\/encuentroinformativo.com.mx\/?p=18925"},"modified":"2021-10-01T13:14:07","modified_gmt":"2021-10-01T18:14:07","slug":"buscan-firmas-para-revocacion-de-mandato","status":"publish","type":"post","link":"https:\/\/encuentroinformativo.com.mx\/?p=18925","title":{"rendered":"Buscan firmas para revocaci\u00f3n de mandato"},"content":{"rendered":"\n<p><strong>Juan Arcos<\/strong><\/p>\n\n\n\n<p>Xalapa, Ver.- Integrantes del Frente Nacional Anti AMLO (Frenna) protestaron frente a Palacio de Gobierno, para recabar firmas y posteriormente exigir al Instituto Nacional Electoral (INE) que convoque a consulta ciudadana para la revocaci\u00f3n de mandato contra el presidente Andr\u00e9s Manuel L\u00f3pez Obrador.<\/p>\n\n\n\n<p>Los quejosos montaron una carpa sobre Plaza Sebasti\u00e1n Lerdo de Tejada, con mesas y sillas para recibir a ciudadanas y ciudadanos que est\u00e9n en contra del actual gobierno morenista en el pa\u00eds y as\u00ed continuar con el prerregistro.<\/p>\n\n\n\n<p>De acuerdo con Nilda Ria\u00f1o Rodr\u00edguez, coordinadora del Consejo Rector de Frenna en Xalapa, hasta el momento se han recabado un mill\u00f3n de firmas a nivel nacional; sin embargo, la meta es llegar a las 3 millones, para cubrir el tres por ciento del padr\u00f3n electoral y realizar la solicitud formal al INE.<\/p>\n\n\n\n<p>\u201cEstamos recabando firmas para que el hice realice la revocaci\u00f3n de mandato el 17 de marzo de 2022, estamos decididos a quitar al dictador que est\u00e1 acabando con el pa\u00eds y queremos recuperarlo. Este es un prerregistro\u201d.<\/p>\n\n\n\n<p>La entrevistada record\u00f3 que el INE convocar\u00e1 al periodo de noviembre al 15 de diciembre para reunir las firmas del tres por ciento del padr\u00f3n electoral, tiempo que consider\u00f3 insuficiente.<\/p>\n\n\n\n<p>Adem\u00e1s, en Veracruz, por su padr\u00f3n electoral, se requieren al menos 180 mil firmas o solicitudes.<\/p>\n\n\n\n<p>\u201cSon firmas digitales, Frenna se est\u00e1 anticipando porque es poco tiempo para recabar tantas firmas en todo el pa\u00eds. Esta acci\u00f3n la est\u00e1 haciendo Frenna en todo el pa\u00eds\u201d.<\/p>\n\n\n\n<p>Ria\u00f1o Rodr\u00edguez enfatiz\u00f3 que se busca un cambio urgente en el gobierno federal, pues, a su juicio, L\u00f3pez Obrador est\u00e1 llevando al pa\u00eds al socialismo-comunismo.<\/p>\n\n\n\n<p>\u201cSe convocar\u00eda a la consulta ciudadana para que ejerzamos el derecho que tenemos y que nos da el art\u00edculo 35 de la Constituci\u00f3n para quitar a cualquier servidor p\u00fablico que no sirva o que no funcione, empezando por el Presidente de la Rep\u00fablica\u201d, remat\u00f3.<\/p>\n","protected":false},"excerpt":{"rendered":"<p>Juan Arcos Xalapa, Ver.- Integrantes del Frente Nacional Anti AMLO (Frenna) protestaron frente a Palacio de Gobierno, para recabar firmas y posteriormente exigir al Instituto Nacional Electoral (INE) que convoque a consulta ciudadana para la revocaci\u00f3n de mandato contra el presidente Andr\u00e9s Manuel L\u00f3pez Obrador. Los quejosos montaron una carpa sobre Plaza Sebasti\u00e1n Lerdo de [&hellip;]<\/p>\n","protected":false},"author":1,"featured_media":18926,"comment_status":"open","ping_status":"open","sticky":false,"template":"","format":"standard","meta":{"_jetpack_memberships_contains_paid_content":false,"footnotes":""},"categories":[3],"tags":[],"class_list":["post-18925","post","type-post","status-publish","format-standard","has-post-thumbnail","hentry","category-xalapa"],"jetpack_featured_media_url":"https:\/\/encuentroinformativo.com.mx\/wp-content\/uploads\/2021\/10\/FCD38E16-B1A4-4964-8ADD-88973A97EDC9.jpeg","jetpack_sharing_enabled":true,"jetpack_likes_enabled":true,"amp_enabled":true,"_links":{"self":[{"href":"https:\/\/encuentroinformativo.com.mx\/index.php?rest_route=\/wp\/v2\/posts\/18925","targetHints":{"allow":["GET"]}}],"collection":[{"href":"https:\/\/encuentroinformativo.com.mx\/index.php?rest_route=\/wp\/v2\/posts"}],"about":[{"href":"https:\/\/encuentroinformativo.com.mx\/index.php?rest_route=\/wp\/v2\/types\/post"}],"author":[{"embeddable":true,"href":"https:\/\/encuentroinformativo.com.mx\/index.php?rest_route=\/wp\/v2\/users\/1"}],"replies":[{"embeddable":true,"href":"https:\/\/encuentroinformativo.com.mx\/index.php?rest_route=%2Fwp%2Fv2%2Fcomments&post=18925"}],"version-history":[{"count":1,"href":"https:\/\/encuentroinformativo.com.mx\/index.php?rest_route=\/wp\/v2\/posts\/18925\/revisions"}],"predecessor-version":[{"id":18927,"href":"https:\/\/encuentroinformativo.com.mx\/index.php?rest_route=\/wp\/v2\/posts\/18925\/revisions\/18927"}],"wp:featuredmedia":[{"embeddable":true,"href":"https:\/\/encuentroinformativo.com.mx\/index.php?rest_route=\/wp\/v2\/media\/18926"}],"wp:attachment":[{"href":"https:\/\/encuentroinformativo.com.mx\/index.php?rest_route=%2Fwp%2Fv2%2Fmedia&parent=18925"}],"wp:term":[{"taxonomy":"category","embeddable":true,"href":"https:\/\/encuentroinformativo.com.mx\/index.php?rest_route=%2Fwp%2Fv2%2Fcategories&post=18925"},{"taxonomy":"post_tag","embeddable":true,"href":"https:\/\/encuentroinformativo.com.mx\/index.php?rest_route=%2Fwp%2Fv2%2Ftags&post=18925"}],"curies":[{"name":"wp","href":"https:\/\/api.w.org\/{rel}","templated":true}]}}