{"id":18931,"date":"2021-10-01T14:14:45","date_gmt":"2021-10-01T19:14:45","guid":{"rendered":"https:\/\/encuentroinformativo.com.mx\/?p=18931"},"modified":"2021-10-01T14:14:49","modified_gmt":"2021-10-01T19:14:49","slug":"convoca-frente-por-la-familia-a-marcha-contra-el-aborto","status":"publish","type":"post","link":"https:\/\/encuentroinformativo.com.mx\/?p=18931","title":{"rendered":"Convoca Frente por la Familia a marcha contra el aborto"},"content":{"rendered":"\n<p><strong>Dar\u00edo Pale <\/strong><\/p>\n\n\n\n<p>Xalapa, Ver.- Eulalia Gonzalez L\u00f3pez y Ethel Gonzalez L\u00f3pez Voceros del Frente Nacional por la Familia, convocaron a marcha contra el aborto, la cual ser\u00e1 el pr\u00f3ximo 3 de octubre, participar\u00e1n grupos provida, quienes reprueban las resoluciones de la SCJN.<\/p>\n\n\n\n<p>En conferencia de prensa realizada en conocido caf\u00e9 del centro de Xalapa, se\u00f1al\u00f3 que para el domingo 3 de octubre, ciudadanos pro vida saldr\u00e1n a las calles de Xalapa, Veracruz y el pa\u00eds para dar su posicionamiento en contra del aborto y su legalizaci\u00f3n por parte de la Suprema Corte de Justicia de la Naci\u00f3n (SCJN).<\/p>\n\n\n\n<p>Dio a conocer que participar\u00e1n m\u00e1s de mil organizaciones de la sociedad civil en todo el pa\u00eds, dejando en claro que la marcha est\u00e1 no tiene tintes pol\u00edticos y ajenos a cualquier ideolog\u00eda.<\/p>\n\n\n\n<p>\u201cEl pr\u00f3ximo domingo 3 de octubre cientos de miles de mexicanas y mexicanos de todas las edades, actividades o profesiones y orientaciones ideol\u00f3gicas, marcharemos pac\u00edficamente, en la Ciudad de M\u00e9xico y en las principales ciudades del pa\u00eds, para proponer un gran acuerdo nacional para proteger a la mujer y la vida de todos los mexicanos desde su concepci\u00f3n hasta su muerte natural\u201d, comentaron.<\/p>\n\n\n\n<p>Lo voceros del Frente Nacional por la Familia dijeron que la marcha es para dejar en claro que es falso pensar que hay que elegir entre la mujer y el hijo, adem\u00e1s de que insisten rechazar las recientes resoluciones de la Suprema Corte de Justicia.<\/p>\n\n\n\n<p>\u201cEstas atentan contra la vida de los seres humanos m\u00e1s indefensos y la libertad de conciencia del personal de la salud, a los que tanta gratitud debemos por su esfuerzo para combatir esta pandemia&#8221;, se\u00f1alaron.<\/p>\n\n\n\n<p>Es de mencionar que las marchas, han sido convocadas a nivel nacional por la organizaci\u00f3n,\u00a0<a rel=\"noreferrer noopener\" href=\"http:\/\/mujeryvida.org.mx\/\" target=\"_blank\">Mujeryvida.org.mx<\/a>, que es respaldada por m\u00e1s de mil organizaciones a nivel nacional y es una iniciativa de la sociedad civil.<\/p>\n\n\n\n<p>Por lo que invitaron a toda la ciudadan\u00eda a participar, llevar ropa c\u00f3moda, de preferencia blusa o playera blancas, pa\u00f1uelo azul celeste, el uso de cubrebocas ser\u00e1 obligatorio y se deber\u00e1 respetar la sana distancia.<\/p>\n","protected":false},"excerpt":{"rendered":"<p>Dar\u00edo Pale Xalapa, Ver.- Eulalia Gonzalez L\u00f3pez y Ethel Gonzalez L\u00f3pez Voceros del Frente Nacional por la Familia, convocaron a marcha contra el aborto, la cual ser\u00e1 el pr\u00f3ximo 3 de octubre, participar\u00e1n grupos provida, quienes reprueban las resoluciones de la SCJN. En conferencia de prensa realizada en conocido caf\u00e9 del centro de Xalapa, se\u00f1al\u00f3 [&hellip;]<\/p>\n","protected":false},"author":1,"featured_media":18932,"comment_status":"open","ping_status":"open","sticky":false,"template":"","format":"standard","meta":{"_jetpack_memberships_contains_paid_content":false,"footnotes":""},"categories":[3],"tags":[],"class_list":["post-18931","post","type-post","status-publish","format-standard","has-post-thumbnail","hentry","category-xalapa"],"jetpack_featured_media_url":"https:\/\/encuentroinformativo.com.mx\/wp-content\/uploads\/2021\/10\/90967AA3-ED5D-465D-BE86-3CE0C86F8568.jpeg","jetpack_sharing_enabled":true,"jetpack_likes_enabled":true,"amp_enabled":true,"_links":{"self":[{"href":"https:\/\/encuentroinformativo.com.mx\/index.php?rest_route=\/wp\/v2\/posts\/18931","targetHints":{"allow":["GET"]}}],"collection":[{"href":"https:\/\/encuentroinformativo.com.mx\/index.php?rest_route=\/wp\/v2\/posts"}],"about":[{"href":"https:\/\/encuentroinformativo.com.mx\/index.php?rest_route=\/wp\/v2\/types\/post"}],"author":[{"embeddable":true,"href":"https:\/\/encuentroinformativo.com.mx\/index.php?rest_route=\/wp\/v2\/users\/1"}],"replies":[{"embeddable":true,"href":"https:\/\/encuentroinformativo.com.mx\/index.php?rest_route=%2Fwp%2Fv2%2Fcomments&post=18931"}],"version-history":[{"count":1,"href":"https:\/\/encuentroinformativo.com.mx\/index.php?rest_route=\/wp\/v2\/posts\/18931\/revisions"}],"predecessor-version":[{"id":18933,"href":"https:\/\/encuentroinformativo.com.mx\/index.php?rest_route=\/wp\/v2\/posts\/18931\/revisions\/18933"}],"wp:featuredmedia":[{"embeddable":true,"href":"https:\/\/encuentroinformativo.com.mx\/index.php?rest_route=\/wp\/v2\/media\/18932"}],"wp:attachment":[{"href":"https:\/\/encuentroinformativo.com.mx\/index.php?rest_route=%2Fwp%2Fv2%2Fmedia&parent=18931"}],"wp:term":[{"taxonomy":"category","embeddable":true,"href":"https:\/\/encuentroinformativo.com.mx\/index.php?rest_route=%2Fwp%2Fv2%2Fcategories&post=18931"},{"taxonomy":"post_tag","embeddable":true,"href":"https:\/\/encuentroinformativo.com.mx\/index.php?rest_route=%2Fwp%2Fv2%2Ftags&post=18931"}],"curies":[{"name":"wp","href":"https:\/\/api.w.org\/{rel}","templated":true}]}}