{"id":18934,"date":"2021-10-01T14:29:33","date_gmt":"2021-10-01T19:29:33","guid":{"rendered":"https:\/\/encuentroinformativo.com.mx\/?p=18934"},"modified":"2021-10-01T14:29:37","modified_gmt":"2021-10-01T19:29:37","slug":"auguran-productores-buena-cosecha-de-cafe-en-veracruz","status":"publish","type":"post","link":"https:\/\/encuentroinformativo.com.mx\/?p=18934","title":{"rendered":"Auguran productores \u201cbuena\u201d cosecha de caf\u00e9 en Veracruz"},"content":{"rendered":"\n<p><strong>Juan Arcos <\/strong><\/p>\n\n\n\n<p>Xalapa, Ver.- Esta cosecha de caf\u00e9 2021-2022 se augura una buena expectativa en materia de producci\u00f3n en el estado de Veracruz.<\/p>\n\n\n\n<p>Se estima una producci\u00f3n de entre 800 y un mill\u00f3n de sacos de caf\u00e9, tan solo en la regi\u00f3n de Coatepec.<\/p>\n\n\n\n<p>As\u00ed lo dio a conocer el secretario del Consejo Regional del Caf\u00e9 de Coatepec, Cirilo Elotl\u00e1n D\u00edaz, quien a\u00f1adi\u00f3 que los productores han logrado controlar la plaga de la roya, misma que ocasion\u00f3 afectaciones cuantiosas en a\u00f1os anteriores.<\/p>\n\n\n\n<p>\u201cPara esta cosecha se auguran buenas expectativas en cuanto a producci\u00f3n, hay una muy buena producci\u00f3n de caf\u00e9, creo que los productores, a trav\u00e9s de varias cuestiones han avanzado en el control de la roya\u201d.<\/p>\n\n\n\n<p>En el marco del D\u00eda Internacional del Caf\u00e9, el l\u00edder cafetalero mencion\u00f3 que se ha garantizado la calidad del arom\u00e1tico en las variedades tradicionales que se producen en la entidad.<\/p>\n\n\n\n<p>\u201cLe hemos estado agarrando el hilo al control de la roya y eso permite que podamos conservar todav\u00eda las variedades traicionarles que m\u00e1s que alta producci\u00f3n dan una excelente calidad en taza\u201d, insisti\u00f3.<\/p>\n\n\n\n<p>Elotl\u00e1n D\u00edaz indic\u00f3 que Coatepec se seguir\u00e1 caracterizando por ser una regi\u00f3n que da una excelente calidad del caf\u00e9 en taza, siendo un referente estatal, nacional e internacional.<\/p>\n\n\n\n<p>Cabe recordar que, hace unos meses, el presidente del Consejo Regional del Caf\u00e9 de Coatepec, Cirio Ru\u00edz Gonz\u00e1lez, revel\u00f3 que la producci\u00f3n disminuy\u00f3 30 por ciento en la cosecha 2019-2020, en comparaci\u00f3n con las anteriores.<\/p>\n","protected":false},"excerpt":{"rendered":"<p>Juan Arcos Xalapa, Ver.- Esta cosecha de caf\u00e9 2021-2022 se augura una buena expectativa en materia de producci\u00f3n en el estado de Veracruz. Se estima una producci\u00f3n de entre 800 y un mill\u00f3n de sacos de caf\u00e9, tan solo en la regi\u00f3n de Coatepec. As\u00ed lo dio a conocer el secretario del Consejo Regional del [&hellip;]<\/p>\n","protected":false},"author":1,"featured_media":18935,"comment_status":"open","ping_status":"open","sticky":false,"template":"","format":"standard","meta":{"_jetpack_memberships_contains_paid_content":false,"footnotes":""},"categories":[8],"tags":[],"class_list":["post-18934","post","type-post","status-publish","format-standard","has-post-thumbnail","hentry","category-region"],"jetpack_featured_media_url":"https:\/\/encuentroinformativo.com.mx\/wp-content\/uploads\/2021\/10\/314ABFF4-3B10-4FDE-B806-2797D0C2A4C1.jpeg","jetpack_sharing_enabled":true,"jetpack_likes_enabled":true,"amp_enabled":true,"_links":{"self":[{"href":"https:\/\/encuentroinformativo.com.mx\/index.php?rest_route=\/wp\/v2\/posts\/18934","targetHints":{"allow":["GET"]}}],"collection":[{"href":"https:\/\/encuentroinformativo.com.mx\/index.php?rest_route=\/wp\/v2\/posts"}],"about":[{"href":"https:\/\/encuentroinformativo.com.mx\/index.php?rest_route=\/wp\/v2\/types\/post"}],"author":[{"embeddable":true,"href":"https:\/\/encuentroinformativo.com.mx\/index.php?rest_route=\/wp\/v2\/users\/1"}],"replies":[{"embeddable":true,"href":"https:\/\/encuentroinformativo.com.mx\/index.php?rest_route=%2Fwp%2Fv2%2Fcomments&post=18934"}],"version-history":[{"count":1,"href":"https:\/\/encuentroinformativo.com.mx\/index.php?rest_route=\/wp\/v2\/posts\/18934\/revisions"}],"predecessor-version":[{"id":18936,"href":"https:\/\/encuentroinformativo.com.mx\/index.php?rest_route=\/wp\/v2\/posts\/18934\/revisions\/18936"}],"wp:featuredmedia":[{"embeddable":true,"href":"https:\/\/encuentroinformativo.com.mx\/index.php?rest_route=\/wp\/v2\/media\/18935"}],"wp:attachment":[{"href":"https:\/\/encuentroinformativo.com.mx\/index.php?rest_route=%2Fwp%2Fv2%2Fmedia&parent=18934"}],"wp:term":[{"taxonomy":"category","embeddable":true,"href":"https:\/\/encuentroinformativo.com.mx\/index.php?rest_route=%2Fwp%2Fv2%2Fcategories&post=18934"},{"taxonomy":"post_tag","embeddable":true,"href":"https:\/\/encuentroinformativo.com.mx\/index.php?rest_route=%2Fwp%2Fv2%2Ftags&post=18934"}],"curies":[{"name":"wp","href":"https:\/\/api.w.org\/{rel}","templated":true}]}}