{"id":18937,"date":"2021-10-01T14:55:42","date_gmt":"2021-10-01T19:55:42","guid":{"rendered":"https:\/\/encuentroinformativo.com.mx\/?p=18937"},"modified":"2021-10-01T14:55:46","modified_gmt":"2021-10-01T19:55:46","slug":"presunta-venta-de-grupo-mas-tema-de-particulares-fernando-yunes","status":"publish","type":"post","link":"https:\/\/encuentroinformativo.com.mx\/?p=18937","title":{"rendered":"Presunta venta de Grupo MAS, tema de particulares: Fernando Yunes"},"content":{"rendered":"\n<p><strong>Alejandro \u00c1vila<\/strong><\/p>\n\n\n\n<p>Veracruz, Ver.- Tras darse a conocer la presunta venta de Grupo MAS a la empresa espa\u00f1ola Acciona, due\u00f1a de la Compa\u00f1ia de Agua de Boca del R\u00edo, el alcalde de Veracruz, Fernando Yunes Marquez, asegur\u00f3 este tema no concierne en nada al municipio que preside, pues es un tema de particulares.<\/p>\n\n\n\n<p>&#8220;Grupo MAS lo \u00fanico que nos tendr\u00eda que pedir autorizaci\u00f3n en su caso, es si el t\u00edtulo de concesi\u00f3n sufre alguna modificaci\u00f3n en cuanto a monto o tiempos, cosa que adem\u00e1s ten\u00eda que haber ido al Congreso&#8221;, expres\u00f3.<\/p>\n\n\n\n<p>Seg\u00fan un portal de noticias, la empresa Odebretch, la cual cuenta con la mayor\u00eda de acciones de Grupo MAS, quien administra el cobro y servicios de agua en los municipios de Veracruz y Medell\u00edn de Bravo, vendi\u00f3 sus acciones a la empresa espa\u00f1ola Acciona en marzo de este a\u00f1o, por un monto estimado de 700 millones de pesos.<\/p>\n\n\n\n<p>Ante esta situaci\u00f3n, el presidente municipal dijo haberse enterado por la publicaci\u00f3n, y asegur\u00f3 est\u00e1n investigando a detalle sobre el tema; donde aclar\u00f3 nada tiene que ver el municipio, al ser una posible transacci\u00f3n entre empresas pivadas.<\/p>\n\n\n\n<p>&#8220;En realidad es un tema de particulares, lo que entiendo por la nota y que estamos investigando, es un tema de particulares y de venta de acciones entre ellos. Pero insisto, el titulo no se puede modificar, nada que sea un titulo de concesi\u00f3n se puede modificar, a menos que vaya al Congreso (\u2026) nosotros no hacemos trabajo en conjunto, a fin de cuentas ellos tienen una obligaci\u00f3n de acuerdo al titulo de concesi\u00f3n, que se ha cumplido, en otras se le exige que cumplan m\u00e1s r\u00e1pido, hay que recordar que lo que pasa con el titulo de concesi\u00f3n es un titulo incluso de origen, en su momento con la pasada administraci\u00f3n, pero que se ha venido corrigiendo, bien&#8221;, recalc\u00f3.<\/p>\n\n\n\n<p>Finalmente dijo que han logrado que Grupo MAS pagara el adeudo al Instituto Metropolitano del Agua por 25 millones de pesos, y se logr\u00f3 evitar el descuento al municipio de 70 millones de pesos mensuales por el adeudo de derecho del agua, mismos que tambi\u00e9n liquid\u00f3 Grupo MAS en el segundo semestre del 2019.<\/p>\n","protected":false},"excerpt":{"rendered":"<p>Alejandro \u00c1vila Veracruz, Ver.- Tras darse a conocer la presunta venta de Grupo MAS a la empresa espa\u00f1ola Acciona, due\u00f1a de la Compa\u00f1ia de Agua de Boca del R\u00edo, el alcalde de Veracruz, Fernando Yunes Marquez, asegur\u00f3 este tema no concierne en nada al municipio que preside, pues es un tema de particulares. &#8220;Grupo MAS [&hellip;]<\/p>\n","protected":false},"author":1,"featured_media":18938,"comment_status":"open","ping_status":"open","sticky":false,"template":"","format":"standard","meta":{"_jetpack_memberships_contains_paid_content":false,"footnotes":""},"categories":[2],"tags":[],"class_list":["post-18937","post","type-post","status-publish","format-standard","has-post-thumbnail","hentry","category-estado"],"jetpack_featured_media_url":"https:\/\/encuentroinformativo.com.mx\/wp-content\/uploads\/2021\/10\/31DD2528-1C97-4960-A85B-1A10F1EE065E.jpeg","jetpack_sharing_enabled":true,"jetpack_likes_enabled":true,"amp_enabled":true,"_links":{"self":[{"href":"https:\/\/encuentroinformativo.com.mx\/index.php?rest_route=\/wp\/v2\/posts\/18937","targetHints":{"allow":["GET"]}}],"collection":[{"href":"https:\/\/encuentroinformativo.com.mx\/index.php?rest_route=\/wp\/v2\/posts"}],"about":[{"href":"https:\/\/encuentroinformativo.com.mx\/index.php?rest_route=\/wp\/v2\/types\/post"}],"author":[{"embeddable":true,"href":"https:\/\/encuentroinformativo.com.mx\/index.php?rest_route=\/wp\/v2\/users\/1"}],"replies":[{"embeddable":true,"href":"https:\/\/encuentroinformativo.com.mx\/index.php?rest_route=%2Fwp%2Fv2%2Fcomments&post=18937"}],"version-history":[{"count":1,"href":"https:\/\/encuentroinformativo.com.mx\/index.php?rest_route=\/wp\/v2\/posts\/18937\/revisions"}],"predecessor-version":[{"id":18939,"href":"https:\/\/encuentroinformativo.com.mx\/index.php?rest_route=\/wp\/v2\/posts\/18937\/revisions\/18939"}],"wp:featuredmedia":[{"embeddable":true,"href":"https:\/\/encuentroinformativo.com.mx\/index.php?rest_route=\/wp\/v2\/media\/18938"}],"wp:attachment":[{"href":"https:\/\/encuentroinformativo.com.mx\/index.php?rest_route=%2Fwp%2Fv2%2Fmedia&parent=18937"}],"wp:term":[{"taxonomy":"category","embeddable":true,"href":"https:\/\/encuentroinformativo.com.mx\/index.php?rest_route=%2Fwp%2Fv2%2Fcategories&post=18937"},{"taxonomy":"post_tag","embeddable":true,"href":"https:\/\/encuentroinformativo.com.mx\/index.php?rest_route=%2Fwp%2Fv2%2Ftags&post=18937"}],"curies":[{"name":"wp","href":"https:\/\/api.w.org\/{rel}","templated":true}]}}