{"id":18940,"date":"2021-10-01T15:10:21","date_gmt":"2021-10-01T20:10:21","guid":{"rendered":"https:\/\/encuentroinformativo.com.mx\/?p=18940"},"modified":"2021-10-01T15:10:23","modified_gmt":"2021-10-01T20:10:23","slug":"preven-aumento-en-defunciones-por-vih","status":"publish","type":"post","link":"https:\/\/encuentroinformativo.com.mx\/?p=18940","title":{"rendered":"Prev\u00e9n aumento en defunciones por VIH"},"content":{"rendered":"\n<p><strong>Juan Arcos <\/strong><\/p>\n\n\n\n<p>Xalapa, Ver.- En el estado de Veracruz y el pa\u00eds se prev\u00e9 un incremento considerable en los nuevos casos y defunciones a causa del VIH\/SIDA.<\/p>\n\n\n\n<p>De acuerdo con Patricia Ponce Jim\u00e9nez, integrante del Grupo Multisectorial VIH\/SIDA, el Sector Salud ha descuidado a los pacientes con dicha enfermedad, debido a la pandemia del SARS-COV-2 (COVID-19).<\/p>\n\n\n\n<p>\u201cEl problema que tienen las personas con VIH y con SIDA en el estado de Veracruz, desde que empez\u00f3 esta epidemia (COVID-19) es que el Sector Salud y Secretar\u00eda de Salud est\u00e1 atendiendo una epidemia y se olvid\u00f3 de otra, que es la del VIH\u201d, expresa.<\/p>\n\n\n\n<p>Desde el a\u00f1o pasado, no se han llevado a cabo detecciones oportunas de VIH, ante la falta de pruebas r\u00e1pidas, por lo que se desconoce la cantidad de personas que contrajeron el virus y que, sin saber que lo tienen, han practicado relaciones sexuales sin protecci\u00f3n.<\/p>\n\n\n\n<p>La investigadora indica que otro problema es la falta de atenci\u00f3n m\u00e9dica a pacientes con VIH, debido a que la mayor\u00eda de los hospitales atienden casos COVID-19.<\/p>\n\n\n\n<p>\u201cSolamente se les est\u00e1 dando medicamento pero no tienen atenci\u00f3n integral, es decir, si yo me enfermo teniendo VIH de una dermatitis, de una muela, si requiero una cirug\u00eda, no hay hospital porque los hospitales donde se atend\u00edan hoy son hospitales COVID\u201d, a\u00f1ade Ponce Jim\u00e9nez.<\/p>\n\n\n\n<p>Cabe recordar que, en la ciudad de Xalapa, en el Centro de Alta Especialidad (CAE) \u201cDoctor Rafael Lucio\u201d hab\u00eda uno de los Centros Ambulatorios de Prevenci\u00f3n y Atenci\u00f3n al SIDA e Infecciones de Transmisi\u00f3n Sexual (Capacits); sin embargo, en la actualidad, es hospital COVID-19.<\/p>\n\n\n\n<p>La especialista destaca que los Capacits cuentan con medicamentos retrovirales, pero hay desabasto en las cl\u00ednicas del IMSS, ISSSTE y Pemex.<\/p>\n\n\n\n<p>\u201cVa a haber aumentado el n\u00famero de personas con VIH y con SIDA, va a haber aumentado el n\u00famero de ni\u00f1as y ni\u00f1os con el virus, por su puesto que va a aumentar la mortalidad\u201d, afirma.<\/p>\n\n\n\n<p>Cifras oficiales muestran que entre 1983 y 2020 se diagnosticaron 17 mil 897 personas con VIH\/SIDA en el estado de Veracruz, siendo 14 mil 098 hombres y 3 mil 799 mujeres.\u00a0<\/p>\n","protected":false},"excerpt":{"rendered":"<p>Juan Arcos Xalapa, Ver.- En el estado de Veracruz y el pa\u00eds se prev\u00e9 un incremento considerable en los nuevos casos y defunciones a causa del VIH\/SIDA. De acuerdo con Patricia Ponce Jim\u00e9nez, integrante del Grupo Multisectorial VIH\/SIDA, el Sector Salud ha descuidado a los pacientes con dicha enfermedad, debido a la pandemia del SARS-COV-2 [&hellip;]<\/p>\n","protected":false},"author":1,"featured_media":18941,"comment_status":"open","ping_status":"open","sticky":false,"template":"","format":"standard","meta":{"_jetpack_memberships_contains_paid_content":false,"footnotes":""},"categories":[9],"tags":[],"class_list":["post-18940","post","type-post","status-publish","format-standard","has-post-thumbnail","hentry","category-salud"],"jetpack_featured_media_url":"https:\/\/encuentroinformativo.com.mx\/wp-content\/uploads\/2021\/10\/0C86A681-0FEB-42AB-AB33-BCADC6A01DAD.jpeg","jetpack_sharing_enabled":true,"jetpack_likes_enabled":true,"amp_enabled":true,"_links":{"self":[{"href":"https:\/\/encuentroinformativo.com.mx\/index.php?rest_route=\/wp\/v2\/posts\/18940","targetHints":{"allow":["GET"]}}],"collection":[{"href":"https:\/\/encuentroinformativo.com.mx\/index.php?rest_route=\/wp\/v2\/posts"}],"about":[{"href":"https:\/\/encuentroinformativo.com.mx\/index.php?rest_route=\/wp\/v2\/types\/post"}],"author":[{"embeddable":true,"href":"https:\/\/encuentroinformativo.com.mx\/index.php?rest_route=\/wp\/v2\/users\/1"}],"replies":[{"embeddable":true,"href":"https:\/\/encuentroinformativo.com.mx\/index.php?rest_route=%2Fwp%2Fv2%2Fcomments&post=18940"}],"version-history":[{"count":1,"href":"https:\/\/encuentroinformativo.com.mx\/index.php?rest_route=\/wp\/v2\/posts\/18940\/revisions"}],"predecessor-version":[{"id":18942,"href":"https:\/\/encuentroinformativo.com.mx\/index.php?rest_route=\/wp\/v2\/posts\/18940\/revisions\/18942"}],"wp:featuredmedia":[{"embeddable":true,"href":"https:\/\/encuentroinformativo.com.mx\/index.php?rest_route=\/wp\/v2\/media\/18941"}],"wp:attachment":[{"href":"https:\/\/encuentroinformativo.com.mx\/index.php?rest_route=%2Fwp%2Fv2%2Fmedia&parent=18940"}],"wp:term":[{"taxonomy":"category","embeddable":true,"href":"https:\/\/encuentroinformativo.com.mx\/index.php?rest_route=%2Fwp%2Fv2%2Fcategories&post=18940"},{"taxonomy":"post_tag","embeddable":true,"href":"https:\/\/encuentroinformativo.com.mx\/index.php?rest_route=%2Fwp%2Fv2%2Ftags&post=18940"}],"curies":[{"name":"wp","href":"https:\/\/api.w.org\/{rel}","templated":true}]}}