{"id":18943,"date":"2021-10-01T15:17:14","date_gmt":"2021-10-01T20:17:14","guid":{"rendered":"https:\/\/encuentroinformativo.com.mx\/?p=18943"},"modified":"2021-10-01T15:17:18","modified_gmt":"2021-10-01T20:17:18","slug":"proxima-semana-segunda-dosis-para-mayores-de-18-en-xalapa","status":"publish","type":"post","link":"https:\/\/encuentroinformativo.com.mx\/?p=18943","title":{"rendered":"Pr\u00f3xima semana segunda dosis para mayores de 18 en Xalapa"},"content":{"rendered":"\n<p><strong>Dar\u00edo Pale<\/strong> <\/p>\n\n\n\n<p>Xalapa, Ver.- El delegado de los programas sociales del Bienestar en la entidad, Manuel Huerta Ladr\u00f3n de Guevara, dio a conocer que la segunda dosis para 18 a 29 a\u00f1os en Xalapa, a partir de la pr\u00f3xima semana.<\/p>\n\n\n\n<p>En entrevista se\u00f1al\u00f3 que el pr\u00f3ximo lunes iniciar\u00eda la aplicaci\u00f3n de segundas dosis de vacunas contra COVID-19 para los j\u00f3venes de 18 a 30 a\u00f1os en Xalapa, se trata de la vacuna Pfizer y posteriormente llegar\u00eda al puerto de Veracruz.<\/p>\n\n\n\n<p>Este fin de semana llegar\u00edan 200 mil dosis que se destinar\u00e1n a los municipios restantes para concluir el 31 de octubre con la vacunaci\u00f3n en todos los municipios, algunos en primeras dosis y la mayor\u00eda para concluir las segundas.<\/p>\n\n\n\n<p>&#8220;La vacuna que viene pr\u00f3ximamente ser\u00e1 vacuna CanSino, que nos permitir\u00e1 desplazarnos en los 59 municipios restantes para concluir la vacunaci\u00f3n en Veracruz en tiempo y forma&#8221;, se\u00f1al\u00f3.<\/p>\n\n\n\n<p>El anuncio se har\u00e1 en pr\u00f3ximas horas en las redes sociales oficiales del Gobierno del Estado.<\/p>\n\n\n\n<p>Finalmente cabe se\u00f1alar que este viernes en esta capital se realiza el registro para la incorporaci\u00f3n de adultos mayores a 65 a\u00f1os al programa de pensiones, que seguir\u00e1 durante este mes, se realiza en el Centro de Gesti\u00f3n Comunitaria de el FOVISSSTE, ubicado en la calle Diamante.<\/p>\n","protected":false},"excerpt":{"rendered":"<p>Dar\u00edo Pale Xalapa, Ver.- El delegado de los programas sociales del Bienestar en la entidad, Manuel Huerta Ladr\u00f3n de Guevara, dio a conocer que la segunda dosis para 18 a 29 a\u00f1os en Xalapa, a partir de la pr\u00f3xima semana. En entrevista se\u00f1al\u00f3 que el pr\u00f3ximo lunes iniciar\u00eda la aplicaci\u00f3n de segundas dosis de vacunas [&hellip;]<\/p>\n","protected":false},"author":1,"featured_media":17772,"comment_status":"open","ping_status":"open","sticky":false,"template":"","format":"standard","meta":{"_jetpack_memberships_contains_paid_content":false,"footnotes":""},"categories":[9],"tags":[],"class_list":["post-18943","post","type-post","status-publish","format-standard","has-post-thumbnail","hentry","category-salud"],"jetpack_featured_media_url":"https:\/\/encuentroinformativo.com.mx\/wp-content\/uploads\/2021\/08\/58FC6C93-241F-402A-BADA-F3FB02E2E371.jpeg","jetpack_sharing_enabled":true,"jetpack_likes_enabled":true,"amp_enabled":true,"_links":{"self":[{"href":"https:\/\/encuentroinformativo.com.mx\/index.php?rest_route=\/wp\/v2\/posts\/18943","targetHints":{"allow":["GET"]}}],"collection":[{"href":"https:\/\/encuentroinformativo.com.mx\/index.php?rest_route=\/wp\/v2\/posts"}],"about":[{"href":"https:\/\/encuentroinformativo.com.mx\/index.php?rest_route=\/wp\/v2\/types\/post"}],"author":[{"embeddable":true,"href":"https:\/\/encuentroinformativo.com.mx\/index.php?rest_route=\/wp\/v2\/users\/1"}],"replies":[{"embeddable":true,"href":"https:\/\/encuentroinformativo.com.mx\/index.php?rest_route=%2Fwp%2Fv2%2Fcomments&post=18943"}],"version-history":[{"count":1,"href":"https:\/\/encuentroinformativo.com.mx\/index.php?rest_route=\/wp\/v2\/posts\/18943\/revisions"}],"predecessor-version":[{"id":18944,"href":"https:\/\/encuentroinformativo.com.mx\/index.php?rest_route=\/wp\/v2\/posts\/18943\/revisions\/18944"}],"wp:featuredmedia":[{"embeddable":true,"href":"https:\/\/encuentroinformativo.com.mx\/index.php?rest_route=\/wp\/v2\/media\/17772"}],"wp:attachment":[{"href":"https:\/\/encuentroinformativo.com.mx\/index.php?rest_route=%2Fwp%2Fv2%2Fmedia&parent=18943"}],"wp:term":[{"taxonomy":"category","embeddable":true,"href":"https:\/\/encuentroinformativo.com.mx\/index.php?rest_route=%2Fwp%2Fv2%2Fcategories&post=18943"},{"taxonomy":"post_tag","embeddable":true,"href":"https:\/\/encuentroinformativo.com.mx\/index.php?rest_route=%2Fwp%2Fv2%2Ftags&post=18943"}],"curies":[{"name":"wp","href":"https:\/\/api.w.org\/{rel}","templated":true}]}}