{"id":18960,"date":"2021-10-02T19:05:51","date_gmt":"2021-10-03T00:05:51","guid":{"rendered":"https:\/\/encuentroinformativo.com.mx\/?p=18960"},"modified":"2021-10-02T19:05:55","modified_gmt":"2021-10-03T00:05:55","slug":"con-mitin-recuerdan-estudiantes-movimiento-del-68","status":"publish","type":"post","link":"https:\/\/encuentroinformativo.com.mx\/?p=18960","title":{"rendered":"Con mit\u00edn, recuerdan estudiantes Movimiento del 68"},"content":{"rendered":"\n<p><strong>Dar\u00edo Pale\u00a0<\/strong><\/p>\n\n\n\n<p>Xalapa, Ver.- Estudiantes de diferentes facultades de la Universidad Veracruzana (UV), y de la Universidad Popular Aut\u00f3noma de Veracruz (UPAV), realizaron una marcha y un mitin para recordar lo que fue la lucha estudiantil del 68.<\/p>\n\n\n\n<p>Entrevistado en la plaza Lerdo los estudiantes Kevin Mi\u00f1on y Samuel Omar Rodr\u00edguez Herrera, estudiantes de la facultad de sociolog\u00eda de la UV, realizaron una invitaci\u00f3n a todos los estudiantes para que se unan en lo que son las exigencias dentro del \u00e1mbito universitario y es un trabajo colectivo ya que las cuestiones del 68 no fue solo un movimiento de estudiantes si no que fue un movimiento que concurri\u00f3 a la comunidad en general.<\/p>\n\n\n\n<p>Esperan que los ideales de lucha en su momento no se sigan perdiendo y se puedan encaminar a lo que es un reconfiguramiento de las peticiones adecu\u00e1ndolos a lo que son sus contextos, pandemicos, estudiantes y pues romper fronteras en lo que es la Universidad y la comunidad en general.<\/p>\n\n\n\n<p>Se\u00f1al\u00f3 que las luchas colectivas siempre van en pendientes pero resurgen, &#8220;el trabajo colectivo se ha visto en una organizaci\u00f3n bastante contundente y es el momento de unir fuerzas entre comunicad en general, estudiantiles.<\/p>\n\n\n\n<p>&#8220;Es importante reivindicar los movimientos sociales como lo es el del movimiento del 68 por el tema de las nuevas generaciones, en la actualidad vivimos en una desconcientizaci\u00f3n de movimientos&#8221;, coment\u00f3 Samuel Omar.<\/p>\n\n\n\n<p>Dio a conocer que tienen que ser congruentes con lo que est\u00e1n tratando de impulso y el realizar estos eventos es hacer le un llamado al gobierno en turno ya que \u00e9l representa un proceso de transformaci\u00f3n en M\u00e9xico y tiene que ser congruente para que no caiga en esos &#8220;resabios&#8221; pol\u00edticos del siglo pasado.<\/p>\n\n\n\n<p>Finalmente coment\u00f3 se manifiestan de forma pac\u00edfica ya que no vienen a violentar si no que vienen a recordar las vidas de sus compa\u00f1eros ca\u00eddos y a continuar con la manifestaci\u00f3n de forma pac\u00edfica, donde anticipan de diferentes facultades se la UV al igual que de la UPAV.<\/p>\n\n\n\n<figure class=\"wp-block-image size-large\"><img loading=\"lazy\" decoding=\"async\" width=\"1024\" height=\"576\" src=\"https:\/\/encuentroinformativo.com.mx\/wp-content\/uploads\/2021\/10\/EF5F2705-4D0E-4659-B845-0824C944495F-1024x576.jpeg\" alt=\"\" class=\"wp-image-18958\" srcset=\"https:\/\/encuentroinformativo.com.mx\/wp-content\/uploads\/2021\/10\/EF5F2705-4D0E-4659-B845-0824C944495F-1024x576.jpeg 1024w, https:\/\/encuentroinformativo.com.mx\/wp-content\/uploads\/2021\/10\/EF5F2705-4D0E-4659-B845-0824C944495F-300x169.jpeg 300w, https:\/\/encuentroinformativo.com.mx\/wp-content\/uploads\/2021\/10\/EF5F2705-4D0E-4659-B845-0824C944495F-768x432.jpeg 768w, https:\/\/encuentroinformativo.com.mx\/wp-content\/uploads\/2021\/10\/EF5F2705-4D0E-4659-B845-0824C944495F.jpeg 1536w\" sizes=\"auto, (max-width: 1024px) 100vw, 1024px\" \/><\/figure>\n","protected":false},"excerpt":{"rendered":"<p>Dar\u00edo Pale\u00a0 Xalapa, Ver.- Estudiantes de diferentes facultades de la Universidad Veracruzana (UV), y de la Universidad Popular Aut\u00f3noma de Veracruz (UPAV), realizaron una marcha y un mitin para recordar lo que fue la lucha estudiantil del 68. Entrevistado en la plaza Lerdo los estudiantes Kevin Mi\u00f1on y Samuel Omar Rodr\u00edguez Herrera, estudiantes de la [&hellip;]<\/p>\n","protected":false},"author":2476,"featured_media":18959,"comment_status":"open","ping_status":"open","sticky":false,"template":"","format":"standard","meta":{"_jetpack_memberships_contains_paid_content":false,"footnotes":""},"categories":[3],"tags":[],"class_list":["post-18960","post","type-post","status-publish","format-standard","has-post-thumbnail","hentry","category-xalapa"],"jetpack_featured_media_url":"https:\/\/encuentroinformativo.com.mx\/wp-content\/uploads\/2021\/10\/22346881-7265-4A2B-BFF0-CF83DF8B6D08.jpeg","jetpack_sharing_enabled":true,"jetpack_likes_enabled":true,"amp_enabled":true,"_links":{"self":[{"href":"https:\/\/encuentroinformativo.com.mx\/index.php?rest_route=\/wp\/v2\/posts\/18960","targetHints":{"allow":["GET"]}}],"collection":[{"href":"https:\/\/encuentroinformativo.com.mx\/index.php?rest_route=\/wp\/v2\/posts"}],"about":[{"href":"https:\/\/encuentroinformativo.com.mx\/index.php?rest_route=\/wp\/v2\/types\/post"}],"author":[{"embeddable":true,"href":"https:\/\/encuentroinformativo.com.mx\/index.php?rest_route=\/wp\/v2\/users\/2476"}],"replies":[{"embeddable":true,"href":"https:\/\/encuentroinformativo.com.mx\/index.php?rest_route=%2Fwp%2Fv2%2Fcomments&post=18960"}],"version-history":[{"count":1,"href":"https:\/\/encuentroinformativo.com.mx\/index.php?rest_route=\/wp\/v2\/posts\/18960\/revisions"}],"predecessor-version":[{"id":18961,"href":"https:\/\/encuentroinformativo.com.mx\/index.php?rest_route=\/wp\/v2\/posts\/18960\/revisions\/18961"}],"wp:featuredmedia":[{"embeddable":true,"href":"https:\/\/encuentroinformativo.com.mx\/index.php?rest_route=\/wp\/v2\/media\/18959"}],"wp:attachment":[{"href":"https:\/\/encuentroinformativo.com.mx\/index.php?rest_route=%2Fwp%2Fv2%2Fmedia&parent=18960"}],"wp:term":[{"taxonomy":"category","embeddable":true,"href":"https:\/\/encuentroinformativo.com.mx\/index.php?rest_route=%2Fwp%2Fv2%2Fcategories&post=18960"},{"taxonomy":"post_tag","embeddable":true,"href":"https:\/\/encuentroinformativo.com.mx\/index.php?rest_route=%2Fwp%2Fv2%2Ftags&post=18960"}],"curies":[{"name":"wp","href":"https:\/\/api.w.org\/{rel}","templated":true}]}}