{"id":18986,"date":"2021-10-03T18:01:43","date_gmt":"2021-10-03T23:01:43","guid":{"rendered":"https:\/\/encuentroinformativo.com.mx\/?p=18986"},"modified":"2021-10-03T18:01:46","modified_gmt":"2021-10-03T23:01:46","slug":"feministas-y-grupos-religiosos-se-enfrentan-en-marcha","status":"publish","type":"post","link":"https:\/\/encuentroinformativo.com.mx\/?p=18986","title":{"rendered":"Feministas y grupos religiosos se enfrentan en marcha"},"content":{"rendered":"\n<p><strong>Juan Arcos <\/strong><\/p>\n\n\n\n<p>Xalapa, Ver.- Durante la megamarcha a favor de la mujer y la vida, un peque\u00f1o grupo de feministas realiz\u00f3 una contra protesta y encar\u00f3 a las organizaciones provida en el centro de Xalapa.<\/p>\n\n\n\n<p>Las mujeres, vestidas de negro y con pa\u00f1uelos verdes, se plantaron en bajos de Palacio de Gobierno, frente a los feligreses que rechazaban el aborto sobre Plaza Sebasti\u00e1n Lerdo de Tejada.<\/p>\n\n\n\n<p>Las feministas portaban pancartas con mensajes ofensivos hacia la Iglesia Cat\u00f3lica, misma que convoc\u00f3 a la marcha nacional por la mujer y la vida este domingo 3 de octubre a las 11:00 horas.<\/p>\n\n\n\n<p>\u201cLa iglesia muy provida pero si investigamos tantito todo un pante\u00f3n se hallar\u00eda\u201d, \u201ces decisi\u00f3n de quienes gestan, no de la iglesia\u201d, se le\u00eda en algunos de sus mensajes.<\/p>\n\n\n\n<p>Una mujer cat\u00f3lica se acerc\u00f3 a ellas y les cuestion\u00f3 y critic\u00f3 su postura a favor de que sea legal el \u201casesinato\u201d de los no nacidos hasta las 12 semanas de gestaci\u00f3n.<\/p>\n\n\n\n<p>Las defensoras del aborto se hicieron de palabras con dicha persona, a quien le pidieron que se retirara de la contra protesta.\u00a0<br>\u201c\u00a1Al\u00e9jese de la marcha, al\u00e9jese de la marcha, no hay di\u00e1logo, no hay conflicto, al\u00e9jese!\u201d, gritaron las feministas a la cat\u00f3lica.<\/p>\n\n\n\n<p>Despu\u00e9s de eso, comentaron a la prensa que no caer\u00edan en provocaciones y enfatizaron que s\u00f3lo estaban ejerciendo su derecho a la libre manifestaci\u00f3n.<\/p>\n\n\n\n<p>\u201cLlegan rezar en voz alta como para intimidar o incluso que llegan a agredir a las compa\u00f1eras en las marchas feministas\u201d, acusaron.<\/p>\n\n\n\n<p>Sobre la calle Juan de la Luz Enr\u00edquez se observ\u00f3 la presencia de elementos de la Secretar\u00eda de Seguridad P\u00fablica (SSP), quienes vigilaban la zona para evitar conflictos entre ambos grupos ideol\u00f3gicos.<\/p>\n","protected":false},"excerpt":{"rendered":"<p>Juan Arcos Xalapa, Ver.- Durante la megamarcha a favor de la mujer y la vida, un peque\u00f1o grupo de feministas realiz\u00f3 una contra protesta y encar\u00f3 a las organizaciones provida en el centro de Xalapa. Las mujeres, vestidas de negro y con pa\u00f1uelos verdes, se plantaron en bajos de Palacio de Gobierno, frente a los [&hellip;]<\/p>\n","protected":false},"author":1,"featured_media":18987,"comment_status":"open","ping_status":"open","sticky":false,"template":"","format":"standard","meta":{"_jetpack_memberships_contains_paid_content":false,"footnotes":""},"categories":[3],"tags":[],"class_list":["post-18986","post","type-post","status-publish","format-standard","has-post-thumbnail","hentry","category-xalapa"],"jetpack_featured_media_url":"https:\/\/encuentroinformativo.com.mx\/wp-content\/uploads\/2021\/10\/9A41EFF6-3098-4998-B2B3-A122184B9A05.jpeg","jetpack_sharing_enabled":true,"jetpack_likes_enabled":true,"amp_enabled":true,"_links":{"self":[{"href":"https:\/\/encuentroinformativo.com.mx\/index.php?rest_route=\/wp\/v2\/posts\/18986","targetHints":{"allow":["GET"]}}],"collection":[{"href":"https:\/\/encuentroinformativo.com.mx\/index.php?rest_route=\/wp\/v2\/posts"}],"about":[{"href":"https:\/\/encuentroinformativo.com.mx\/index.php?rest_route=\/wp\/v2\/types\/post"}],"author":[{"embeddable":true,"href":"https:\/\/encuentroinformativo.com.mx\/index.php?rest_route=\/wp\/v2\/users\/1"}],"replies":[{"embeddable":true,"href":"https:\/\/encuentroinformativo.com.mx\/index.php?rest_route=%2Fwp%2Fv2%2Fcomments&post=18986"}],"version-history":[{"count":1,"href":"https:\/\/encuentroinformativo.com.mx\/index.php?rest_route=\/wp\/v2\/posts\/18986\/revisions"}],"predecessor-version":[{"id":18988,"href":"https:\/\/encuentroinformativo.com.mx\/index.php?rest_route=\/wp\/v2\/posts\/18986\/revisions\/18988"}],"wp:featuredmedia":[{"embeddable":true,"href":"https:\/\/encuentroinformativo.com.mx\/index.php?rest_route=\/wp\/v2\/media\/18987"}],"wp:attachment":[{"href":"https:\/\/encuentroinformativo.com.mx\/index.php?rest_route=%2Fwp%2Fv2%2Fmedia&parent=18986"}],"wp:term":[{"taxonomy":"category","embeddable":true,"href":"https:\/\/encuentroinformativo.com.mx\/index.php?rest_route=%2Fwp%2Fv2%2Fcategories&post=18986"},{"taxonomy":"post_tag","embeddable":true,"href":"https:\/\/encuentroinformativo.com.mx\/index.php?rest_route=%2Fwp%2Fv2%2Ftags&post=18986"}],"curies":[{"name":"wp","href":"https:\/\/api.w.org\/{rel}","templated":true}]}}