{"id":18998,"date":"2021-10-04T12:44:39","date_gmt":"2021-10-04T17:44:39","guid":{"rendered":"https:\/\/encuentroinformativo.com.mx\/?p=18998"},"modified":"2021-10-04T12:44:43","modified_gmt":"2021-10-04T17:44:43","slug":"acusan-falta-de-insumos-en-el-issste","status":"publish","type":"post","link":"https:\/\/encuentroinformativo.com.mx\/?p=18998","title":{"rendered":"Acusan falta de insumos en el ISSSTE"},"content":{"rendered":"\n<p><strong>Dar\u00edo Pale <\/strong><\/p>\n\n\n\n<p>Xalapa, Ver.- El ISSSTE ya contempla que, en caso de existir enfermedad por Covid-19, derivado de la asistencia a su centro de trabajo; se incluya como riesgo de trabajo, como enfermedad de trabajo, as\u00ed lo inform\u00f3 el dirigente nacional del Gremio Nacional de Trabajadores de la Educaci\u00f3n (GNTE), Amarante Garc\u00eda Caltenco.<\/p>\n\n\n\n<p>En conferencia de prensa realizada en conocido caf\u00e9 del centro de Xalapa, dio a conocer que dicha petici\u00f3n la llevaron a cabo en el mes de agosto y hoy ya es una realidad.<\/p>\n\n\n\n<p>Critic\u00f3 que lamentablemente en el ISSSTE persiste el desabasto de medicamentos no s\u00f3lo en Veracruz, sino en todo el pa\u00eds, esto es derivado de las administraciones anteriores, que pugnaron por una pol\u00edtica econ\u00f3mica y laboral para privatizar todo el sector salud.<\/p>\n\n\n\n<p>En otro orden de idea, luego de la modificaci\u00f3n del cobro de las pensi\u00f3n en UMAs, record\u00f3 que se conform\u00f3 el Frente Nacional en Defensa de la Seguridad Social para exigir a la Suprema Corte de Justicia de la Naci\u00f3n que modifique esta situaci\u00f3n, aunque reconoci\u00f3 que debido a que es una jurisprudencia, acudir\u00e1n hasta las instancias internacionales.<\/p>\n\n\n\n<p>Asimismo, ante la falta de medicamentos, camas, material para rayos X, entre otros, el GNTE levantar\u00e1 la voz, realizar\u00e1 marchas, incluso llegar\u00eda a la toma de instalaciones para hacer entender a los gobiernos que tienen que mejorar su pol\u00edtica en materia de salud.<\/p>\n\n\n\n<p>&#8220;No debemos quedarnos cruzados de brazos, tenemos que apostarle a la movilizaci\u00f3n social con pandemia o sin pandemia, tenemos que manifestarnos con argumentos legales, con estudios actuariales en materia de finanzas&#8221;, coment\u00f3.<\/p>\n\n\n\n<p>Garc\u00eda Caltenco refiri\u00f3 que las pensiones que reciben las personas adultas mayores por derecho constitucional son diferentes a las que recibe un trabajador, porque es una prestaci\u00f3n laboral por a\u00f1os de servicio.<\/p>\n\n\n\n<p>Finalmente, consider\u00f3 que en el tema de las pensiones, los legisladores federales podr\u00edan hacer reformas a la Ley del ISSSTE, desindexar la UMA del 2016 y hacer una reforma constitucional para que no se le relacione a las UMAs con las pensiones.<\/p>\n","protected":false},"excerpt":{"rendered":"<p>Dar\u00edo Pale Xalapa, Ver.- El ISSSTE ya contempla que, en caso de existir enfermedad por Covid-19, derivado de la asistencia a su centro de trabajo; se incluya como riesgo de trabajo, como enfermedad de trabajo, as\u00ed lo inform\u00f3 el dirigente nacional del Gremio Nacional de Trabajadores de la Educaci\u00f3n (GNTE), Amarante Garc\u00eda Caltenco. En conferencia [&hellip;]<\/p>\n","protected":false},"author":1,"featured_media":18999,"comment_status":"open","ping_status":"open","sticky":false,"template":"","format":"standard","meta":{"_jetpack_memberships_contains_paid_content":false,"footnotes":""},"categories":[9],"tags":[],"class_list":["post-18998","post","type-post","status-publish","format-standard","has-post-thumbnail","hentry","category-salud"],"jetpack_featured_media_url":"https:\/\/encuentroinformativo.com.mx\/wp-content\/uploads\/2021\/10\/10346625-E05D-4185-A61F-B7A35373DA2D.jpeg","jetpack_sharing_enabled":true,"jetpack_likes_enabled":true,"amp_enabled":true,"_links":{"self":[{"href":"https:\/\/encuentroinformativo.com.mx\/index.php?rest_route=\/wp\/v2\/posts\/18998","targetHints":{"allow":["GET"]}}],"collection":[{"href":"https:\/\/encuentroinformativo.com.mx\/index.php?rest_route=\/wp\/v2\/posts"}],"about":[{"href":"https:\/\/encuentroinformativo.com.mx\/index.php?rest_route=\/wp\/v2\/types\/post"}],"author":[{"embeddable":true,"href":"https:\/\/encuentroinformativo.com.mx\/index.php?rest_route=\/wp\/v2\/users\/1"}],"replies":[{"embeddable":true,"href":"https:\/\/encuentroinformativo.com.mx\/index.php?rest_route=%2Fwp%2Fv2%2Fcomments&post=18998"}],"version-history":[{"count":1,"href":"https:\/\/encuentroinformativo.com.mx\/index.php?rest_route=\/wp\/v2\/posts\/18998\/revisions"}],"predecessor-version":[{"id":19000,"href":"https:\/\/encuentroinformativo.com.mx\/index.php?rest_route=\/wp\/v2\/posts\/18998\/revisions\/19000"}],"wp:featuredmedia":[{"embeddable":true,"href":"https:\/\/encuentroinformativo.com.mx\/index.php?rest_route=\/wp\/v2\/media\/18999"}],"wp:attachment":[{"href":"https:\/\/encuentroinformativo.com.mx\/index.php?rest_route=%2Fwp%2Fv2%2Fmedia&parent=18998"}],"wp:term":[{"taxonomy":"category","embeddable":true,"href":"https:\/\/encuentroinformativo.com.mx\/index.php?rest_route=%2Fwp%2Fv2%2Fcategories&post=18998"},{"taxonomy":"post_tag","embeddable":true,"href":"https:\/\/encuentroinformativo.com.mx\/index.php?rest_route=%2Fwp%2Fv2%2Ftags&post=18998"}],"curies":[{"name":"wp","href":"https:\/\/api.w.org\/{rel}","templated":true}]}}