{"id":19001,"date":"2021-10-04T12:52:53","date_gmt":"2021-10-04T17:52:53","guid":{"rendered":"https:\/\/encuentroinformativo.com.mx\/?p=19001"},"modified":"2021-10-04T12:52:57","modified_gmt":"2021-10-04T17:52:57","slug":"docentes-indigenas-denuncian-discriminacion-en-la-sev-piden-cambiar-a-jefe-de-sector","status":"publish","type":"post","link":"https:\/\/encuentroinformativo.com.mx\/?p=19001","title":{"rendered":"Docentes ind\u00edgenas denuncian discriminaci\u00f3n en la SEV; piden cambiar a jefe de sector"},"content":{"rendered":"\n<p><strong>Juan Arcos<\/strong><\/p>\n\n\n\n<p>Xalapa, Ver.- Un centenar de docentes de la zona norte del estado protest\u00f3 afuera de las oficinas centrales de la Secretar\u00eda de Educaci\u00f3n de Veracruz (SEV), para denunciar que han sido v\u00edctimas de hostigamiento laboral y discriminaci\u00f3n por el hecho de ser ind\u00edgenas.<\/p>\n\n\n\n<p>Se trata de integrantes del Movimiento Magisterial Popular Veracruzano (MMPV) y de la Coordinadora Nacional de Trabajadores de la Educaci\u00f3n (CNTE), adscritos al sector n\u00famero 15 que abarca ocho supervisiones escolares en los municipios de Ixhuatl\u00e1n de Madero, Chicontepec, Benito Ju\u00e1rez, \u00c1lamo Temapache y Tlachichilco.\u00a0<\/p>\n\n\n\n<p>De acuerdo con Daniel Hern\u00e1ndez del \u00c1ngel, secretario general del MMPV-CNTE, los profesores de zonas rurales han sido acosados y discriminados por el mismo jefe de sector Her\u00f3n Morales Aguilar, por lo que pidi\u00f3 su destituci\u00f3n a las autoridades educativas.&nbsp;<\/p>\n\n\n\n<p>El entrevistado detall\u00f3 que el funcionario estatal ha creado grupos de docentes en las zonas afectadas escolares y as\u00ed ocasionar divisiones entre ellos mismos.&nbsp;<\/p>\n\n\n\n<p>Adem\u00e1s, acus\u00f3 que Morales Aguilar ha incidido en las madres y padres de familia para acosar a los profesores que no pertenecen a la secci\u00f3n 32 del Sindicato Nacional de Trabajadores de la Educaci\u00f3n (SNTE).<\/p>\n\n\n\n<p>\u201cEmpiezan a hacer reuniones para, si el maestro no le cae bien o no es de su grupo pol\u00edtico del SNTE, secci\u00f3n 32, lo empiezan a acosar y entonces de esa manera se empiezan a dividir las zonas escolares\u201d.<\/p>\n\n\n\n<p>Se trata de m\u00e1s de 250 docentes ind\u00edgenas que pertenecen a los ocho zonas escolares del sector 15.<\/p>\n\n\n\n<p>Hern\u00e1ndez del \u00c1ngel record\u00f3 que se hab\u00eda llegado a un acuerdo con la subsecretaria de Educaci\u00f3n B\u00e1sica de Veracruz, Maritza Ram\u00edrez Aguilar, en el que cada supervisi\u00f3n escolar ten\u00eda que ser respetado en sus zonas de trabajo y que el jefe de sector desempe\u00f1ara su funci\u00f3n de manera adecuada.<\/p>\n\n\n\n<p>\u201cSin embargo, llegando a la zona escolar nuevamente comienza los golpeteos, las desacreditaciones contra los compa\u00f1eros y dividen a la zona escolar\u201d.<\/p>\n\n\n\n<p>Los quejosos tambi\u00e9n repudiaron que la CNTE en Michoac\u00e1n sufri\u00f3 agresiones por grupos paramilitares llamados \u201cpoder de base\u201d, quienes irrumpieron en las instalaciones y las quemaron, por lo que si es necesario los compa\u00f1eros de Veracruz se trasladar\u00e1n a aquel estado en apoyo a los agraviados y para exigir que cese la represi\u00f3n.<\/p>\n\n\n\n<figure class=\"wp-block-image size-large\"><img loading=\"lazy\" decoding=\"async\" width=\"1024\" height=\"705\" src=\"https:\/\/encuentroinformativo.com.mx\/wp-content\/uploads\/2021\/10\/D978177E-C2F3-4686-B2F3-466B1E4D957F-1024x705.jpeg\" alt=\"\" class=\"wp-image-19002\" srcset=\"https:\/\/encuentroinformativo.com.mx\/wp-content\/uploads\/2021\/10\/D978177E-C2F3-4686-B2F3-466B1E4D957F-1024x705.jpeg 1024w, https:\/\/encuentroinformativo.com.mx\/wp-content\/uploads\/2021\/10\/D978177E-C2F3-4686-B2F3-466B1E4D957F-300x207.jpeg 300w, https:\/\/encuentroinformativo.com.mx\/wp-content\/uploads\/2021\/10\/D978177E-C2F3-4686-B2F3-466B1E4D957F-768x529.jpeg 768w, https:\/\/encuentroinformativo.com.mx\/wp-content\/uploads\/2021\/10\/D978177E-C2F3-4686-B2F3-466B1E4D957F.jpeg 1493w\" sizes=\"auto, (max-width: 1024px) 100vw, 1024px\" \/><\/figure>\n","protected":false},"excerpt":{"rendered":"<p>Juan Arcos Xalapa, Ver.- Un centenar de docentes de la zona norte del estado protest\u00f3 afuera de las oficinas centrales de la Secretar\u00eda de Educaci\u00f3n de Veracruz (SEV), para denunciar que han sido v\u00edctimas de hostigamiento laboral y discriminaci\u00f3n por el hecho de ser ind\u00edgenas. Se trata de integrantes del Movimiento Magisterial Popular Veracruzano (MMPV) [&hellip;]<\/p>\n","protected":false},"author":1,"featured_media":19003,"comment_status":"open","ping_status":"open","sticky":false,"template":"","format":"standard","meta":{"_jetpack_memberships_contains_paid_content":false,"footnotes":""},"categories":[2],"tags":[],"class_list":["post-19001","post","type-post","status-publish","format-standard","has-post-thumbnail","hentry","category-estado"],"jetpack_featured_media_url":"https:\/\/encuentroinformativo.com.mx\/wp-content\/uploads\/2021\/10\/0E0BC084-1C11-4CC0-9965-3ED19A018836.jpeg","jetpack_sharing_enabled":true,"jetpack_likes_enabled":true,"amp_enabled":true,"_links":{"self":[{"href":"https:\/\/encuentroinformativo.com.mx\/index.php?rest_route=\/wp\/v2\/posts\/19001","targetHints":{"allow":["GET"]}}],"collection":[{"href":"https:\/\/encuentroinformativo.com.mx\/index.php?rest_route=\/wp\/v2\/posts"}],"about":[{"href":"https:\/\/encuentroinformativo.com.mx\/index.php?rest_route=\/wp\/v2\/types\/post"}],"author":[{"embeddable":true,"href":"https:\/\/encuentroinformativo.com.mx\/index.php?rest_route=\/wp\/v2\/users\/1"}],"replies":[{"embeddable":true,"href":"https:\/\/encuentroinformativo.com.mx\/index.php?rest_route=%2Fwp%2Fv2%2Fcomments&post=19001"}],"version-history":[{"count":1,"href":"https:\/\/encuentroinformativo.com.mx\/index.php?rest_route=\/wp\/v2\/posts\/19001\/revisions"}],"predecessor-version":[{"id":19004,"href":"https:\/\/encuentroinformativo.com.mx\/index.php?rest_route=\/wp\/v2\/posts\/19001\/revisions\/19004"}],"wp:featuredmedia":[{"embeddable":true,"href":"https:\/\/encuentroinformativo.com.mx\/index.php?rest_route=\/wp\/v2\/media\/19003"}],"wp:attachment":[{"href":"https:\/\/encuentroinformativo.com.mx\/index.php?rest_route=%2Fwp%2Fv2%2Fmedia&parent=19001"}],"wp:term":[{"taxonomy":"category","embeddable":true,"href":"https:\/\/encuentroinformativo.com.mx\/index.php?rest_route=%2Fwp%2Fv2%2Fcategories&post=19001"},{"taxonomy":"post_tag","embeddable":true,"href":"https:\/\/encuentroinformativo.com.mx\/index.php?rest_route=%2Fwp%2Fv2%2Ftags&post=19001"}],"curies":[{"name":"wp","href":"https:\/\/api.w.org\/{rel}","templated":true}]}}