{"id":19020,"date":"2021-10-04T19:25:33","date_gmt":"2021-10-05T00:25:33","guid":{"rendered":"https:\/\/encuentroinformativo.com.mx\/?p=19020"},"modified":"2021-10-04T19:25:37","modified_gmt":"2021-10-05T00:25:37","slug":"ponen-en-marcha-centro-de-conciliacion-laboral","status":"publish","type":"post","link":"https:\/\/encuentroinformativo.com.mx\/?p=19020","title":{"rendered":"Ponen en marcha Centro de Conciliaci\u00f3n Laboral"},"content":{"rendered":"\n<p>Boca del R\u00edo, Ver.- A menos de un a\u00f1o de ser publicada la ley en la Gaceta Oficial del Estado, este lunes el gobernador Cuitl\u00e1huac Garc\u00eda Jim\u00e9nez y la secretaria del Trabajo y Previsi\u00f3n Social, Luisa Mar\u00eda Alcalde Luj\u00e1n, inauguraron la delegaci\u00f3n Boca del R\u00edo del Centro de Conciliaci\u00f3n Laboral de Veracruz, lo cual garantiza justicia a los trabajadores y al mismo tiempo libertad y democracia sindical.<\/p>\n\n\n\n<p>De norte a sur, el organismo dar\u00e1 servicio gratuito a partir del 03 de noviembre en 11 sedes: P\u00e1nuco, Tuxpan, Poza Rica, Mart\u00ednez de la Torre, Xalapa, Boca del R\u00edo, C\u00f3rdoba, San Andr\u00e9s Tuxtla, Cosamaloapan, Acayucan y Coatzacoalcos, a trav\u00e9s de 46 conciliadores elegidos en convocatoria p\u00fablica.<\/p>\n\n\n\n<p>En su mensaje, la servidora p\u00fablica federal expres\u00f3 que este espacio representa un s\u00edmbolo de dignificaci\u00f3n, luego de que los derechos de la clase obrera fueran relegados por d\u00e9cadas y hoy haya un rescate del sector con la gu\u00eda del presidente Andr\u00e9s Manuel L\u00f3pez Obrador.<\/p>\n\n\n\n<p>Lo anterior, desde incrementar el salario m\u00ednimo 43 por ciento y el impulso de leyes que eliminan la subcontrataci\u00f3n, manifest\u00f3 al destacar los casi 3 millones de empleados que han salido de ese esquema y ya fueron regularizados.<\/p>\n\n\n\n<p>Por otra parte, se ha atendido a cerca de dos millones de j\u00f3venes sin oportunidades de estudio y trabajo en el pa\u00eds, mientras que 40 mil veracruzanos son capacitados este a\u00f1o en alguna ocupaci\u00f3n. Todo ello aunado a la Reforma Laboral, \u201cquiz\u00e1 la m\u00e1s importante de los \u00faltimos cien a\u00f1os en la materia\u201d.<\/p>\n\n\n\n<p>Con esta acci\u00f3n, afirm\u00f3, apostamos a que la mayor\u00eda de los conflictos sean resueltos de la mano de conciliadores profesionales y lo que antes era un juicio de varios a\u00f1os, en lugares muy viciados, pueda concluir entre los 15 y 45 d\u00edas, o hasta cuatro meses si pasa a tribunales.<\/p>\n\n\n\n<p>Alcalde Luj\u00e1n se\u00f1al\u00f3 que en los ocho estados que iniciaron en 2020 se est\u00e1 conciliando por arriba del 75% y es lo que esperan en Veracruz, \u201cque cualquier trabajador o empleador pueda tener la confianza en este organismo donde no hay necesidad de pagar abogados\u201d.<\/p>\n\n\n\n<p>Enfatiz\u00f3 que el Centro Federal de Conciliaci\u00f3n y Registro Laboral vigilar\u00e1 el respeto a la libertad y democracia sindical para que los empleados elijan a sus dirigentes en paz, culminando con una felicitaci\u00f3n al Gobierno de Veracruz que hoy cristaliza un gran esfuerzo.<\/p>\n\n\n\n<p>Asistieron la presidenta del Tribunal Superior de Justicia del Estado, magistrada Isabel In\u00e9s Romero Cruz; la secretaria de Trabajo, Previsi\u00f3n Social y Productividad, Dorheny Garc\u00eda Cayetano, y la titular del Centro de Conciliaci\u00f3n Laboral de Veracruz, Diana Estela Ar\u00f3stegui Carballo.<\/p>\n","protected":false},"excerpt":{"rendered":"<p>Boca del R\u00edo, Ver.- A menos de un a\u00f1o de ser publicada la ley en la Gaceta Oficial del Estado, este lunes el gobernador Cuitl\u00e1huac Garc\u00eda Jim\u00e9nez y la secretaria del Trabajo y Previsi\u00f3n Social, Luisa Mar\u00eda Alcalde Luj\u00e1n, inauguraron la delegaci\u00f3n Boca del R\u00edo del Centro de Conciliaci\u00f3n Laboral de Veracruz, lo cual garantiza [&hellip;]<\/p>\n","protected":false},"author":1,"featured_media":19021,"comment_status":"open","ping_status":"open","sticky":false,"template":"","format":"standard","meta":{"_jetpack_memberships_contains_paid_content":false,"footnotes":""},"categories":[2],"tags":[],"class_list":["post-19020","post","type-post","status-publish","format-standard","has-post-thumbnail","hentry","category-estado"],"jetpack_featured_media_url":"https:\/\/encuentroinformativo.com.mx\/wp-content\/uploads\/2021\/10\/C74B1972-F95D-4BE5-9A46-7C2B6E97B93F.jpeg","jetpack_sharing_enabled":true,"jetpack_likes_enabled":true,"amp_enabled":true,"_links":{"self":[{"href":"https:\/\/encuentroinformativo.com.mx\/index.php?rest_route=\/wp\/v2\/posts\/19020","targetHints":{"allow":["GET"]}}],"collection":[{"href":"https:\/\/encuentroinformativo.com.mx\/index.php?rest_route=\/wp\/v2\/posts"}],"about":[{"href":"https:\/\/encuentroinformativo.com.mx\/index.php?rest_route=\/wp\/v2\/types\/post"}],"author":[{"embeddable":true,"href":"https:\/\/encuentroinformativo.com.mx\/index.php?rest_route=\/wp\/v2\/users\/1"}],"replies":[{"embeddable":true,"href":"https:\/\/encuentroinformativo.com.mx\/index.php?rest_route=%2Fwp%2Fv2%2Fcomments&post=19020"}],"version-history":[{"count":1,"href":"https:\/\/encuentroinformativo.com.mx\/index.php?rest_route=\/wp\/v2\/posts\/19020\/revisions"}],"predecessor-version":[{"id":19022,"href":"https:\/\/encuentroinformativo.com.mx\/index.php?rest_route=\/wp\/v2\/posts\/19020\/revisions\/19022"}],"wp:featuredmedia":[{"embeddable":true,"href":"https:\/\/encuentroinformativo.com.mx\/index.php?rest_route=\/wp\/v2\/media\/19021"}],"wp:attachment":[{"href":"https:\/\/encuentroinformativo.com.mx\/index.php?rest_route=%2Fwp%2Fv2%2Fmedia&parent=19020"}],"wp:term":[{"taxonomy":"category","embeddable":true,"href":"https:\/\/encuentroinformativo.com.mx\/index.php?rest_route=%2Fwp%2Fv2%2Fcategories&post=19020"},{"taxonomy":"post_tag","embeddable":true,"href":"https:\/\/encuentroinformativo.com.mx\/index.php?rest_route=%2Fwp%2Fv2%2Ftags&post=19020"}],"curies":[{"name":"wp","href":"https:\/\/api.w.org\/{rel}","templated":true}]}}