{"id":19023,"date":"2021-10-04T20:53:36","date_gmt":"2021-10-05T01:53:36","guid":{"rendered":"https:\/\/encuentroinformativo.com.mx\/?p=19023"},"modified":"2021-10-04T20:53:40","modified_gmt":"2021-10-05T01:53:40","slug":"con-rescate-maritimo-desfile-aereo-y-terrestre-celebra-semar-200-anos","status":"publish","type":"post","link":"https:\/\/encuentroinformativo.com.mx\/?p=19023","title":{"rendered":"Con rescate mar\u00edtimo, desfile a\u00e9reo y terrestre; celebra SEMAR 200 a\u00f1os"},"content":{"rendered":"\n<p><strong>Alejandro \u00c1vila<\/strong><\/p>\n\n\n\n<p>Veracruz, Ver.- Tres aviones &#8220;caza&#8221; sobrevolaron malec\u00f3n de Veracruz y dieron inicio a las 18:30 horas el espect\u00e1culo que prepar\u00f3 la Secretar\u00eda de Marina Armada de M\u00e9xico (SEMAR), por sus 200 a\u00f1os de servir a M\u00e9xico.<\/p>\n\n\n\n<p>Atentos en el presidium, el Comandante Supremo de las Fuerzas Armadas, Andr\u00e9s Manuel L\u00f3pez Obrador; el secretario de Marina, Jos\u00e9 Rafael Ojeda Dur\u00e1n; el gobernador de Veracruz, Cuitl\u00e1huac Garc\u00eda Jim\u00e9nez; entre otros invitados especiales del Gobierno Federal.<\/p>\n\n\n\n<p>En las zona portuaria, se realiz\u00f3 un rescate acu\u00e1tico a tres pescadores que simulaban haber naufragado en alta mar; mientras las corporaciones de rescate aereo abordo de un helicoptero &#8220;black hawk&#8221; que sali\u00f3 del buque &#8220;Tabasco&#8221; inicio con las primeras maniobras de rescate, seguido de la patrulla de la Guardia Costera Nacional.<\/p>\n\n\n\n<p>Posteriormente, inicio el desfile naval por la MacroPlaza del malec\u00f3n, encabezado por los cadetes de la Heroica Escuela Naval de Veracruz, seguido de los diversos grupos, donde destacaba enfermer\u00eda, aviaci\u00f3n, francotiradores, entre otros.<\/p>\n\n\n\n<p>El desfile dio inicio en el malec\u00f3n de Veracruz, para posteriormente dirigirse por la calle General Figueroa y de ah\u00ed trasladarse al bulevar &#8220;Manuel \u00c1vila Camacho&#8221; a la altura del ex Club de Yates, donde lo esperaban decenas de veracruzanos y turistas que se deleitaron con el desfile como si fuera el Carnaval de Veracruz, mismo que fue suspendido este 2021 por la pandemia de COVID-19.<\/p>\n\n\n\n<p>Cerca de una hora transcurrio del evento; hoteles, el bulevar de Veracruz qued\u00f3 abarrotado, siendo la presencia de los aviones &#8220;caza&#8221; con su sobrevuelo en formaci\u00f3n de ataque la que m\u00e1s llam\u00f3 la atenci\u00f3n de los asistentes y rob\u00f3 aplausos de los veracruzanos.<\/p>\n\n\n\n<p>El desfile termin\u00f3 en el asta bandera, ubicada en el bulevar &#8220;Manuel Avila Camacho&#8221; esquina Sim\u00f3n Bolivar.<\/p>\n\n\n\n<p>El contingente estuvo conformado por 2 749 elementos en tierra, 116 abordo de aeronaves, 54 banderas, 73 guiones, 26 pancartas, 15 estandartes, 74 veh\u00edculos, 9 embarcaciones, 25 aeronaves, 6 maquetas y 23 canes.<\/p>\n\n\n\n<figure class=\"wp-block-image size-large\"><img loading=\"lazy\" decoding=\"async\" width=\"1024\" height=\"682\" src=\"https:\/\/encuentroinformativo.com.mx\/wp-content\/uploads\/2021\/10\/49DA36A4-7CDE-492E-A0CD-2A589123EC16.jpeg\" alt=\"\" class=\"wp-image-19025\" srcset=\"https:\/\/encuentroinformativo.com.mx\/wp-content\/uploads\/2021\/10\/49DA36A4-7CDE-492E-A0CD-2A589123EC16.jpeg 1024w, https:\/\/encuentroinformativo.com.mx\/wp-content\/uploads\/2021\/10\/49DA36A4-7CDE-492E-A0CD-2A589123EC16-300x200.jpeg 300w, https:\/\/encuentroinformativo.com.mx\/wp-content\/uploads\/2021\/10\/49DA36A4-7CDE-492E-A0CD-2A589123EC16-768x512.jpeg 768w\" sizes=\"auto, (max-width: 1024px) 100vw, 1024px\" \/><\/figure>\n","protected":false},"excerpt":{"rendered":"<p>Alejandro \u00c1vila Veracruz, Ver.- Tres aviones &#8220;caza&#8221; sobrevolaron malec\u00f3n de Veracruz y dieron inicio a las 18:30 horas el espect\u00e1culo que prepar\u00f3 la Secretar\u00eda de Marina Armada de M\u00e9xico (SEMAR), por sus 200 a\u00f1os de servir a M\u00e9xico. Atentos en el presidium, el Comandante Supremo de las Fuerzas Armadas, Andr\u00e9s Manuel L\u00f3pez Obrador; el secretario [&hellip;]<\/p>\n","protected":false},"author":1,"featured_media":19024,"comment_status":"open","ping_status":"open","sticky":false,"template":"","format":"standard","meta":{"_jetpack_memberships_contains_paid_content":false,"footnotes":""},"categories":[2],"tags":[],"class_list":["post-19023","post","type-post","status-publish","format-standard","has-post-thumbnail","hentry","category-estado"],"jetpack_featured_media_url":"https:\/\/encuentroinformativo.com.mx\/wp-content\/uploads\/2021\/10\/D01777A6-CF35-4DDA-9E3A-D3C842F06D99.jpeg","jetpack_sharing_enabled":true,"jetpack_likes_enabled":true,"amp_enabled":true,"_links":{"self":[{"href":"https:\/\/encuentroinformativo.com.mx\/index.php?rest_route=\/wp\/v2\/posts\/19023","targetHints":{"allow":["GET"]}}],"collection":[{"href":"https:\/\/encuentroinformativo.com.mx\/index.php?rest_route=\/wp\/v2\/posts"}],"about":[{"href":"https:\/\/encuentroinformativo.com.mx\/index.php?rest_route=\/wp\/v2\/types\/post"}],"author":[{"embeddable":true,"href":"https:\/\/encuentroinformativo.com.mx\/index.php?rest_route=\/wp\/v2\/users\/1"}],"replies":[{"embeddable":true,"href":"https:\/\/encuentroinformativo.com.mx\/index.php?rest_route=%2Fwp%2Fv2%2Fcomments&post=19023"}],"version-history":[{"count":1,"href":"https:\/\/encuentroinformativo.com.mx\/index.php?rest_route=\/wp\/v2\/posts\/19023\/revisions"}],"predecessor-version":[{"id":19026,"href":"https:\/\/encuentroinformativo.com.mx\/index.php?rest_route=\/wp\/v2\/posts\/19023\/revisions\/19026"}],"wp:featuredmedia":[{"embeddable":true,"href":"https:\/\/encuentroinformativo.com.mx\/index.php?rest_route=\/wp\/v2\/media\/19024"}],"wp:attachment":[{"href":"https:\/\/encuentroinformativo.com.mx\/index.php?rest_route=%2Fwp%2Fv2%2Fmedia&parent=19023"}],"wp:term":[{"taxonomy":"category","embeddable":true,"href":"https:\/\/encuentroinformativo.com.mx\/index.php?rest_route=%2Fwp%2Fv2%2Fcategories&post=19023"},{"taxonomy":"post_tag","embeddable":true,"href":"https:\/\/encuentroinformativo.com.mx\/index.php?rest_route=%2Fwp%2Fv2%2Ftags&post=19023"}],"curies":[{"name":"wp","href":"https:\/\/api.w.org\/{rel}","templated":true}]}}