{"id":1903,"date":"2020-04-16T14:24:58","date_gmt":"2020-04-16T19:24:58","guid":{"rendered":"https:\/\/encuentroinformativo.com\/?p=1903"},"modified":"2020-04-16T14:25:01","modified_gmt":"2020-04-16T19:25:01","slug":"se-triplican-agresiones-contra-mujeres-casados","status":"publish","type":"post","link":"https:\/\/encuentroinformativo.com.mx\/?p=1903","title":{"rendered":"Se triplican agresiones contra mujeres: Casados"},"content":{"rendered":"\n<p><strong>Juan Arcos<\/strong> <\/p>\n\n\n\n<p>Xalapa, Ver.- En el primer trimestre de este a\u00f1o se triplicaron las agresiones contra las mujeres en el estado de Veracruz.<\/p>\n\n\n\n<p>As\u00ed lo revel\u00f3 la coordinadora del Observatorio Universitario de Violencia contra las Mujeres, Estela Casados Gonz\u00e1lez, quien a\u00f1adi\u00f3 que solo en marzo se registraron 70 agresiones contra mujeres, de los cuales, 25 se dieron en el \u00e1mbito dom\u00e9stico.<\/p>\n\n\n\n<p>La especialista indic\u00f3 que en el primer trimestre de este 2020 se contabilizaron 176 agresiones contra mujeres.<\/p>\n\n\n\n<p>Mientras que del 1\u00ba de enero al 31 de marzo de 2018, se registraron 36 casos y, en el primer trimestre de 2019, 50 casos.<\/p>\n\n\n\n<p>A\u00f1adi\u00f3 que las agresiones no s\u00f3lo han ocurrido por el confinamiento derivado de la contingencia sanitaria por coronavirus.<\/p>\n\n\n\n<p>\u201cEn importante tomar en consideraci\u00f3n que algo que est\u00e1 sucediendo, y lamentablemente ha sucedido siempre, es que las violencias en contra de las mujeres, es un fen\u00f3meno que est\u00e1 m\u00e1s all\u00e1 de aquellos contingencias del orden sanitario o de orden pol\u00edtico que podamos tener\u201d.<\/p>\n\n\n\n<p>En ese sentido, pidi\u00f3 a los ciudadanos que hagan conciencia para evitar las agresiones contra mujeres, sobre todo en este periodo de confinamiento.<\/p>\n\n\n\n<p>&#8220;Debemos ir pensando y replanteando nuestra convivencia y los h\u00e1bitos. Todo aquello que pensamos que es natural, que en realidad, en algunos casos, son elementos o mecanismos que violentan a las mujeres de nuestras familias, del grupo dom\u00e9stico y que pensamos que es natural y que es una exageraci\u00f3n por parte de las mujeres que se se\u00f1ale como violencia\u201d, remat\u00f3.<\/p>\n","protected":false},"excerpt":{"rendered":"<p>Juan Arcos Xalapa, Ver.- En el primer trimestre de este a\u00f1o se triplicaron las agresiones contra las mujeres en el estado de Veracruz. As\u00ed lo revel\u00f3 la coordinadora del Observatorio Universitario de Violencia contra las Mujeres, Estela Casados Gonz\u00e1lez, quien a\u00f1adi\u00f3 que solo en marzo se registraron 70 agresiones contra mujeres, de los cuales, 25 [&hellip;]<\/p>\n","protected":false},"author":1,"featured_media":1904,"comment_status":"open","ping_status":"open","sticky":false,"template":"","format":"standard","meta":{"_jetpack_memberships_contains_paid_content":false,"footnotes":""},"categories":[2],"tags":[],"class_list":["post-1903","post","type-post","status-publish","format-standard","has-post-thumbnail","hentry","category-estado"],"jetpack_featured_media_url":"https:\/\/encuentroinformativo.com.mx\/wp-content\/uploads\/2020\/04\/2BBA0F7B-B300-4FC5-B2FC-EC8AC5D1E2E3.jpeg","jetpack_sharing_enabled":true,"jetpack_likes_enabled":true,"amp_enabled":true,"_links":{"self":[{"href":"https:\/\/encuentroinformativo.com.mx\/index.php?rest_route=\/wp\/v2\/posts\/1903","targetHints":{"allow":["GET"]}}],"collection":[{"href":"https:\/\/encuentroinformativo.com.mx\/index.php?rest_route=\/wp\/v2\/posts"}],"about":[{"href":"https:\/\/encuentroinformativo.com.mx\/index.php?rest_route=\/wp\/v2\/types\/post"}],"author":[{"embeddable":true,"href":"https:\/\/encuentroinformativo.com.mx\/index.php?rest_route=\/wp\/v2\/users\/1"}],"replies":[{"embeddable":true,"href":"https:\/\/encuentroinformativo.com.mx\/index.php?rest_route=%2Fwp%2Fv2%2Fcomments&post=1903"}],"version-history":[{"count":1,"href":"https:\/\/encuentroinformativo.com.mx\/index.php?rest_route=\/wp\/v2\/posts\/1903\/revisions"}],"predecessor-version":[{"id":1905,"href":"https:\/\/encuentroinformativo.com.mx\/index.php?rest_route=\/wp\/v2\/posts\/1903\/revisions\/1905"}],"wp:featuredmedia":[{"embeddable":true,"href":"https:\/\/encuentroinformativo.com.mx\/index.php?rest_route=\/wp\/v2\/media\/1904"}],"wp:attachment":[{"href":"https:\/\/encuentroinformativo.com.mx\/index.php?rest_route=%2Fwp%2Fv2%2Fmedia&parent=1903"}],"wp:term":[{"taxonomy":"category","embeddable":true,"href":"https:\/\/encuentroinformativo.com.mx\/index.php?rest_route=%2Fwp%2Fv2%2Fcategories&post=1903"},{"taxonomy":"post_tag","embeddable":true,"href":"https:\/\/encuentroinformativo.com.mx\/index.php?rest_route=%2Fwp%2Fv2%2Ftags&post=1903"}],"curies":[{"name":"wp","href":"https:\/\/api.w.org\/{rel}","templated":true}]}}