{"id":19036,"date":"2021-10-05T11:23:14","date_gmt":"2021-10-05T16:23:14","guid":{"rendered":"https:\/\/encuentroinformativo.com.mx\/?p=19036"},"modified":"2021-10-05T11:23:17","modified_gmt":"2021-10-05T16:23:17","slug":"madre-pide-ayuda-a-amlo-acusan-a-su-hijo-por-homicidio-de-alcaldesa","status":"publish","type":"post","link":"https:\/\/encuentroinformativo.com.mx\/?p=19036","title":{"rendered":"Madre pide ayuda a AMLO, acusan a su hijo por homicidio de alcaldesa"},"content":{"rendered":"\n<p><strong>Alejandro \u00c1vila<\/strong><\/p>\n\n\n\n<p>Veracruz, Ver.- La se\u00f1ora Clara Luz Paniagua, madre de V\u00edctor Francisco Vela Paniagua, acudio a primera hora de este martes a las inmediaciones del recinto donde se llev\u00f3 a cabo &#8220;La Ma\u00f1anera&#8221; del presidente Andr\u00e9s Manuel L\u00f3pez Obrador, para solicitar el apoyo al mandatario federal por el secuestro de su hijo, a quien acusan, asegura, injustamente de dos asesinatos.<\/p>\n\n\n\n<p>La acongojada madre, relat\u00f3 que el pasado 14 de noviembre del 2020 su hijo fue secuestrado, no obstante, se le acusa de tres casos, ultrajes a la autoridad, la muerte de la alcaldesa de Jamapa, Florisel R\u00edos Delf\u00edn y de un Contrateniente.<\/p>\n\n\n\n<p>&#8220;Cosa que \u00e9l no estuvo presente (\u2026) mi hijo estaba en el mercado trabajando y de ah\u00ed lo levant\u00f3 &#8216;la ma\u00f1a&#8221;, lo secuestraron el 14 de noviembre (\u2026) la gente mala, el Cartel del Golfo, lo levantaron a \u00e9l, los golpearon, aparte de que los golpearon, los amenazaron de que nos iban a matar a nosotros y que se ten\u00eda que culpar de la muerte de la alcaldesa, sino, nos iban a matar a nosotros&#8221;, expuso la madre entre lagrimas.<\/p>\n\n\n\n<p>La se\u00f1ora Clara Luz mencion\u00f3 que su hijo le ayudaba a vender tamales y a la par ayudaba a su padre en un taller de pintura, pero al ser llamado por unos amigos para trabajar en el mercado y obtener un ingreso extra, a las 4 de la tarde del 14 de noviembre del 2020, fue &#8220;levantado&#8221; y secuestrado.<\/p>\n\n\n\n<p>La madre expuso que tiene pruebas fotograficas que demuestran su hijo estaba en su casa conviviendo con unos amigos, cuando se dio el asesinato de la ex alcaldesa, Florisel R\u00edos Delf\u00edn, el 11 de noviembre del 2020.<\/p>\n\n\n\n<p>&#8220;Tengo una foto de las 9:05, la alcaldesa fue matada ocho y media de la ma\u00f1ana, y \u00e9l estaba a las 9 y 5 afuera de mi casa, no pudo haber estado en Jamapa matando a la alcaldesa y al mismo tiempo afuera de la casa&#8221;, relat\u00f3.<\/p>\n\n\n\n<p>El joven, quien ahora se encuentra preso y en espera de sus audiencias para desahogar las pruebas, se encuentra amenazado por elementos de la Polic\u00eda Ministerial y Fiscal\u00eda General del Estado, se\u00f1al\u00f3 la madre.<\/p>\n\n\n\n<p>&#8220;El n\u00famero de expediente de ese, de la autoridad es 647-2020, que es por parte de ultrajes a la autoridad, fue el primer delito que le inculcaron, despu\u00e9s, en la noche fue el de la alcaldesa, en la madrugada a mi hijo me lo trasladaron a Oaxaca sin ning\u00fan consentimiento, y est\u00e1 ahorita, lo tienen en Oaxaca y lo acusaron de otro delito, que fue por el terra teniente que mataron el 29 de agosto, osea le pusieron 3 delitos, entr\u00f3 por 1 y le pusieron 2 m\u00e1s&#8221;, subray\u00f3.<\/p>\n\n\n\n<p>Se\u00f1al\u00f3 que a pesar de haber metido denuncias en la CNDH, por las torturas que sufre y porque han aplazado la resoluci\u00f3n de sus casos, no ha obtenido respuesta, por ello busc\u00f3 la ayuda del presidente de la rep\u00fablica.<\/p>\n","protected":false},"excerpt":{"rendered":"<p>Alejandro \u00c1vila Veracruz, Ver.- La se\u00f1ora Clara Luz Paniagua, madre de V\u00edctor Francisco Vela Paniagua, acudio a primera hora de este martes a las inmediaciones del recinto donde se llev\u00f3 a cabo &#8220;La Ma\u00f1anera&#8221; del presidente Andr\u00e9s Manuel L\u00f3pez Obrador, para solicitar el apoyo al mandatario federal por el secuestro de su hijo, a quien [&hellip;]<\/p>\n","protected":false},"author":1,"featured_media":19037,"comment_status":"open","ping_status":"open","sticky":false,"template":"","format":"standard","meta":{"_jetpack_memberships_contains_paid_content":false,"footnotes":""},"categories":[2],"tags":[],"class_list":["post-19036","post","type-post","status-publish","format-standard","has-post-thumbnail","hentry","category-estado"],"jetpack_featured_media_url":"https:\/\/encuentroinformativo.com.mx\/wp-content\/uploads\/2021\/10\/CC44C3C7-732A-456C-BC2A-322DC06E07F6.jpeg","jetpack_sharing_enabled":true,"jetpack_likes_enabled":true,"amp_enabled":true,"_links":{"self":[{"href":"https:\/\/encuentroinformativo.com.mx\/index.php?rest_route=\/wp\/v2\/posts\/19036","targetHints":{"allow":["GET"]}}],"collection":[{"href":"https:\/\/encuentroinformativo.com.mx\/index.php?rest_route=\/wp\/v2\/posts"}],"about":[{"href":"https:\/\/encuentroinformativo.com.mx\/index.php?rest_route=\/wp\/v2\/types\/post"}],"author":[{"embeddable":true,"href":"https:\/\/encuentroinformativo.com.mx\/index.php?rest_route=\/wp\/v2\/users\/1"}],"replies":[{"embeddable":true,"href":"https:\/\/encuentroinformativo.com.mx\/index.php?rest_route=%2Fwp%2Fv2%2Fcomments&post=19036"}],"version-history":[{"count":1,"href":"https:\/\/encuentroinformativo.com.mx\/index.php?rest_route=\/wp\/v2\/posts\/19036\/revisions"}],"predecessor-version":[{"id":19038,"href":"https:\/\/encuentroinformativo.com.mx\/index.php?rest_route=\/wp\/v2\/posts\/19036\/revisions\/19038"}],"wp:featuredmedia":[{"embeddable":true,"href":"https:\/\/encuentroinformativo.com.mx\/index.php?rest_route=\/wp\/v2\/media\/19037"}],"wp:attachment":[{"href":"https:\/\/encuentroinformativo.com.mx\/index.php?rest_route=%2Fwp%2Fv2%2Fmedia&parent=19036"}],"wp:term":[{"taxonomy":"category","embeddable":true,"href":"https:\/\/encuentroinformativo.com.mx\/index.php?rest_route=%2Fwp%2Fv2%2Fcategories&post=19036"},{"taxonomy":"post_tag","embeddable":true,"href":"https:\/\/encuentroinformativo.com.mx\/index.php?rest_route=%2Fwp%2Fv2%2Ftags&post=19036"}],"curies":[{"name":"wp","href":"https:\/\/api.w.org\/{rel}","templated":true}]}}