{"id":19039,"date":"2021-10-05T11:55:51","date_gmt":"2021-10-05T16:55:51","guid":{"rendered":"https:\/\/encuentroinformativo.com.mx\/?p=19039"},"modified":"2021-10-05T11:55:55","modified_gmt":"2021-10-05T16:55:55","slug":"con-protesta-colectivos-acusan-imposiciones-en-comision-de-victimas","status":"publish","type":"post","link":"https:\/\/encuentroinformativo.com.mx\/?p=19039","title":{"rendered":"Con protesta, colectivos acusan imposiciones en Comisi\u00f3n de V\u00edctimas"},"content":{"rendered":"\n<p><strong>Juan Arcos <\/strong><\/p>\n\n\n\n<p>Xalapa, Ver.- Integrantes de colectivos de familiares de desaparecidos protestaron en la Comisi\u00f3n Ejecutiva Estatal de Atenci\u00f3n Integral a V\u00edctimas (CEEAIV) para denunciar que contin\u00faan las imposiciones en la dependencia y que \u00e9stas podr\u00edan entorpecer el funcionamiento de la misma.<\/p>\n\n\n\n<p>Los inconformes colocaron lonas y fotograf\u00edas de desaparecidos sobre la fachada de la mencionada instituci\u00f3n, ubicada sobre la calle Veracruz del fraccionamiento Infonavit Pomona.<\/p>\n\n\n\n<p>De acuerdo con Carlos Salda\u00f1a Grajales, representante del colectivo Familiares Enlaces Xalapa, se logr\u00f3 que Cristian Carrillo asumiera el cargo de comisionado al ser la persona id\u00f3nea que consideraban lo familiares de desaparecidos.<\/p>\n\n\n\n<p>Sin embargo, revel\u00f3 que al menos seis personas han sido impuestas por el secretario de Gobierno, Eric Cisneros Burgos, para ocupar cargos directivos y estrat\u00e9gicos en la operatividad de la CEEAIV.<\/p>\n\n\n\n<p>Se trata de Yuliana Aguilar Rodr\u00edguez, quien asumi\u00f3 la jefatura de asesor\u00eda jur\u00eddica; Fernando Guti\u00e9rrez Flores, la jefatura de seguimiento; Dea Hern\u00e1ndez Castillo, la Subdirecci\u00f3n administrativa; Laura Silva Quintana, la subdirecci\u00f3n de primer contacto; Guadalupe M\u00e1rquez Bello, la jefatura de atenci\u00f3n; Miriam Guadalupe Robles, asesora jur\u00eddica; Samantha Hern\u00e1ndez, la jefatura de recursos materiales.<\/p>\n\n\n\n<p>\u201cSigue siendo la imposici\u00f3n, porque los est\u00e1n infiltrando, as\u00ed se le puede llamar, como esp\u00edas, como orejas, para ver c\u00f3mo trabaja la CEEAIV, cuando eso debe ser del gobernador y el Secretario directamente con el comisionado, no tiene que hacer intermediarios\u201d.<\/p>\n\n\n\n<p>El entrevistado indic\u00f3 que el gobierno del estado busca tener el control en la dependencia, para no dejar trabajar a Cristian Carrillo.<\/p>\n\n\n\n<p>Tambi\u00e9n critic\u00f3 que el presidente de la Rep\u00fablica, Andr\u00e9s Manuel L\u00f3pez Obrador, presuma en sus conferencias ma\u00f1aneras que ya no hay imposiciones en las instancias que velan por los derechos humanos, cuando dicha situaci\u00f3n a\u00fan es notoria en el estado de Veracruz.<\/p>\n\n\n\n<figure class=\"wp-block-image size-large\"><img loading=\"lazy\" decoding=\"async\" width=\"1024\" height=\"768\" src=\"https:\/\/encuentroinformativo.com.mx\/wp-content\/uploads\/2021\/10\/3E7C0D32-0D71-43B6-89AC-7D6E2BFA97AA-1024x768.jpeg\" alt=\"\" class=\"wp-image-19041\" srcset=\"https:\/\/encuentroinformativo.com.mx\/wp-content\/uploads\/2021\/10\/3E7C0D32-0D71-43B6-89AC-7D6E2BFA97AA-1024x768.jpeg 1024w, https:\/\/encuentroinformativo.com.mx\/wp-content\/uploads\/2021\/10\/3E7C0D32-0D71-43B6-89AC-7D6E2BFA97AA-300x225.jpeg 300w, https:\/\/encuentroinformativo.com.mx\/wp-content\/uploads\/2021\/10\/3E7C0D32-0D71-43B6-89AC-7D6E2BFA97AA-768x576.jpeg 768w, https:\/\/encuentroinformativo.com.mx\/wp-content\/uploads\/2021\/10\/3E7C0D32-0D71-43B6-89AC-7D6E2BFA97AA-1536x1152.jpeg 1536w, https:\/\/encuentroinformativo.com.mx\/wp-content\/uploads\/2021\/10\/3E7C0D32-0D71-43B6-89AC-7D6E2BFA97AA.jpeg 2016w\" sizes=\"auto, (max-width: 1024px) 100vw, 1024px\" \/><\/figure>\n","protected":false},"excerpt":{"rendered":"<p>Juan Arcos Xalapa, Ver.- Integrantes de colectivos de familiares de desaparecidos protestaron en la Comisi\u00f3n Ejecutiva Estatal de Atenci\u00f3n Integral a V\u00edctimas (CEEAIV) para denunciar que contin\u00faan las imposiciones en la dependencia y que \u00e9stas podr\u00edan entorpecer el funcionamiento de la misma. Los inconformes colocaron lonas y fotograf\u00edas de desaparecidos sobre la fachada de la [&hellip;]<\/p>\n","protected":false},"author":1,"featured_media":19040,"comment_status":"open","ping_status":"open","sticky":false,"template":"","format":"standard","meta":{"_jetpack_memberships_contains_paid_content":false,"footnotes":""},"categories":[3],"tags":[],"class_list":["post-19039","post","type-post","status-publish","format-standard","has-post-thumbnail","hentry","category-xalapa"],"jetpack_featured_media_url":"https:\/\/encuentroinformativo.com.mx\/wp-content\/uploads\/2021\/10\/EFF50554-A88D-4AD3-BEFC-67B78CFD3FEA.jpeg","jetpack_sharing_enabled":true,"jetpack_likes_enabled":true,"amp_enabled":true,"_links":{"self":[{"href":"https:\/\/encuentroinformativo.com.mx\/index.php?rest_route=\/wp\/v2\/posts\/19039","targetHints":{"allow":["GET"]}}],"collection":[{"href":"https:\/\/encuentroinformativo.com.mx\/index.php?rest_route=\/wp\/v2\/posts"}],"about":[{"href":"https:\/\/encuentroinformativo.com.mx\/index.php?rest_route=\/wp\/v2\/types\/post"}],"author":[{"embeddable":true,"href":"https:\/\/encuentroinformativo.com.mx\/index.php?rest_route=\/wp\/v2\/users\/1"}],"replies":[{"embeddable":true,"href":"https:\/\/encuentroinformativo.com.mx\/index.php?rest_route=%2Fwp%2Fv2%2Fcomments&post=19039"}],"version-history":[{"count":1,"href":"https:\/\/encuentroinformativo.com.mx\/index.php?rest_route=\/wp\/v2\/posts\/19039\/revisions"}],"predecessor-version":[{"id":19042,"href":"https:\/\/encuentroinformativo.com.mx\/index.php?rest_route=\/wp\/v2\/posts\/19039\/revisions\/19042"}],"wp:featuredmedia":[{"embeddable":true,"href":"https:\/\/encuentroinformativo.com.mx\/index.php?rest_route=\/wp\/v2\/media\/19040"}],"wp:attachment":[{"href":"https:\/\/encuentroinformativo.com.mx\/index.php?rest_route=%2Fwp%2Fv2%2Fmedia&parent=19039"}],"wp:term":[{"taxonomy":"category","embeddable":true,"href":"https:\/\/encuentroinformativo.com.mx\/index.php?rest_route=%2Fwp%2Fv2%2Fcategories&post=19039"},{"taxonomy":"post_tag","embeddable":true,"href":"https:\/\/encuentroinformativo.com.mx\/index.php?rest_route=%2Fwp%2Fv2%2Ftags&post=19039"}],"curies":[{"name":"wp","href":"https:\/\/api.w.org\/{rel}","templated":true}]}}