{"id":19043,"date":"2021-10-05T13:04:13","date_gmt":"2021-10-05T18:04:13","guid":{"rendered":"https:\/\/encuentroinformativo.com.mx\/?p=19043"},"modified":"2021-10-05T13:04:15","modified_gmt":"2021-10-05T18:04:15","slug":"llama-amlo-al-poder-judicial-en-caso-torre-centro","status":"publish","type":"post","link":"https:\/\/encuentroinformativo.com.mx\/?p=19043","title":{"rendered":"Llama AMLO al Poder Judicial en caso Torre Centro"},"content":{"rendered":"\n<p><strong>Dar\u00edo Pale<\/strong><\/p>\n\n\n\n<p>Xalapa, Ver.- Resalta la importancia del cuatro veces her\u00f3ico puerto de Veracruz como para que tenga un &#8220;adefecio&#8221; como edificio en el centro hist\u00f3rico, as\u00ed lo inform\u00f3 el presidente de M\u00e9xico, Andr\u00e9s Manuel L\u00f3pez Obrador.<\/p>\n\n\n\n<p>En la conferencia ma\u00f1anera realizada en el puerto de Veracruz, afirm\u00f3 que no se debi\u00f3 dar permiso para construir ese edificio con tanta altura en el centro, ya que Veracruz es parte de toda la historia de M\u00e9xico, por ejemplo en San Juan de Ul\u00faa se expulsaron a los espa\u00f1oles en 1825 para hacer valer la independencia de M\u00e9xico, por eso la conmemoraci\u00f3n de los 200 a\u00f1os de la Armada de M\u00e9xico se llev\u00f3 a cabo en Veracruz, porque la Armada y Veracruz son sin\u00f3nimo.<\/p>\n\n\n\n<p>Asimismo, por enfrentar a los franceses la primera vez que invadieron la naci\u00f3n en 1838, por la llamada Guerra de los Pasteles, record\u00f3 que los franceses reclamaban que un pastelero de Tacubaya en la Ciudad de M\u00e9xico les deb\u00eda, lo cual era un pretexto, lo que realmente quer\u00edan era llenar el espacio que dej\u00f3 Espa\u00f1a y seguir manteniendo a M\u00e9xico como colonia.<\/p>\n\n\n\n<p>De igual forma la defensa del Puerto por el entonces liberal Antonio L\u00f3pez de Santa Ana, quien pierde una pierna y a partir de ah\u00ed usa una pata de palo, por lo que L\u00f3pez Obrador record\u00f3 que en 1847, cuando se dio la invasi\u00f3n estadounidense y le quitan a M\u00e9xico la mitad del territorio, fue en Veracruz nuevamente donde se defiende a la patria.<\/p>\n\n\n\n<p>Posteriormente en 1914 la otra invasi\u00f3n americana y es en Veracruz donde sus habitantes dan la vida por su naci\u00f3n, incluso extranjeros como espa\u00f1oles, libaneses y los marinos que dieron su vida.<\/p>\n\n\n\n<p>&#8220;Estamos hablando de cuatro veces her\u00f3ico y no contemplan que aqu\u00ed estuvo preso Benito Ju\u00e1rez en 1853, por enfrentar la tiran\u00eda de Santa Ana y aqu\u00ed, seis a\u00f1os despu\u00e9s Ju\u00e1rez concluye la promulgaci\u00f3n de las Leyes de Reforma, aqu\u00ed en Veracruz&#8221;, exalt\u00f3.<\/p>\n\n\n\n<p>El Mandatario federal record\u00f3 otros pasajes hist\u00f3ricos gestados en Veracruz en beneficio de todos los mexicanos, como la Ley Agraria y, reiter\u00f3 que no es posible que se haya dado permiso de construir un edificio &#8220;que afecta la arquitecta colonial y porfirista&#8221;.<\/p>\n\n\n\n<p>\u201cSe le da permiso por influyentismo a una empresa para hacer ese edifcio feo, horrendo y ahora con acciones leguleyas quieren seguirlo, quieren continuarlo.<\/p>\n\n\n\n<p>Finalmente coment\u00f3 que ojal\u00e1 y los jueces y hago un llamado al Poder Judicial para que est\u00e9n pendientes, c\u00f3mo van a hacer una torre, imag\u00ednense que entran los barcos o se est\u00e9 en el Malec\u00f3n y lo primero que se ve es ese adefesio \u00bfy el faro que construy\u00f3 Porfirio D\u00edaz?, \u00bfy el Malec\u00f3n que construy\u00f3 Porfirio D\u00edaz?, \u00bfy la Fortaleza de San Juan de Ul\u00faa de la \u00e9poca colonial?&#8221;, cuestion\u00f3 y reiter\u00f3 que por su gran importancia se debe cuidar todo el patrimonio hist\u00f3rico-cultural.<\/p>\n","protected":false},"excerpt":{"rendered":"<p>Dar\u00edo Pale Xalapa, Ver.- Resalta la importancia del cuatro veces her\u00f3ico puerto de Veracruz como para que tenga un &#8220;adefecio&#8221; como edificio en el centro hist\u00f3rico, as\u00ed lo inform\u00f3 el presidente de M\u00e9xico, Andr\u00e9s Manuel L\u00f3pez Obrador. En la conferencia ma\u00f1anera realizada en el puerto de Veracruz, afirm\u00f3 que no se debi\u00f3 dar permiso para [&hellip;]<\/p>\n","protected":false},"author":1,"featured_media":19044,"comment_status":"open","ping_status":"open","sticky":false,"template":"","format":"standard","meta":{"_jetpack_memberships_contains_paid_content":false,"footnotes":""},"categories":[2],"tags":[],"class_list":["post-19043","post","type-post","status-publish","format-standard","has-post-thumbnail","hentry","category-estado"],"jetpack_featured_media_url":"https:\/\/encuentroinformativo.com.mx\/wp-content\/uploads\/2021\/10\/EE5D90E4-2055-4CCA-AB64-DAE2BF6089B8.jpeg","jetpack_sharing_enabled":true,"jetpack_likes_enabled":true,"amp_enabled":true,"_links":{"self":[{"href":"https:\/\/encuentroinformativo.com.mx\/index.php?rest_route=\/wp\/v2\/posts\/19043","targetHints":{"allow":["GET"]}}],"collection":[{"href":"https:\/\/encuentroinformativo.com.mx\/index.php?rest_route=\/wp\/v2\/posts"}],"about":[{"href":"https:\/\/encuentroinformativo.com.mx\/index.php?rest_route=\/wp\/v2\/types\/post"}],"author":[{"embeddable":true,"href":"https:\/\/encuentroinformativo.com.mx\/index.php?rest_route=\/wp\/v2\/users\/1"}],"replies":[{"embeddable":true,"href":"https:\/\/encuentroinformativo.com.mx\/index.php?rest_route=%2Fwp%2Fv2%2Fcomments&post=19043"}],"version-history":[{"count":1,"href":"https:\/\/encuentroinformativo.com.mx\/index.php?rest_route=\/wp\/v2\/posts\/19043\/revisions"}],"predecessor-version":[{"id":19045,"href":"https:\/\/encuentroinformativo.com.mx\/index.php?rest_route=\/wp\/v2\/posts\/19043\/revisions\/19045"}],"wp:featuredmedia":[{"embeddable":true,"href":"https:\/\/encuentroinformativo.com.mx\/index.php?rest_route=\/wp\/v2\/media\/19044"}],"wp:attachment":[{"href":"https:\/\/encuentroinformativo.com.mx\/index.php?rest_route=%2Fwp%2Fv2%2Fmedia&parent=19043"}],"wp:term":[{"taxonomy":"category","embeddable":true,"href":"https:\/\/encuentroinformativo.com.mx\/index.php?rest_route=%2Fwp%2Fv2%2Fcategories&post=19043"},{"taxonomy":"post_tag","embeddable":true,"href":"https:\/\/encuentroinformativo.com.mx\/index.php?rest_route=%2Fwp%2Fv2%2Ftags&post=19043"}],"curies":[{"name":"wp","href":"https:\/\/api.w.org\/{rel}","templated":true}]}}