{"id":19046,"date":"2021-10-05T13:13:18","date_gmt":"2021-10-05T18:13:18","guid":{"rendered":"https:\/\/encuentroinformativo.com.mx\/?p=19046"},"modified":"2021-10-05T13:13:22","modified_gmt":"2021-10-05T18:13:22","slug":"manifestantes-reclaman-liberacion-de-presos-politicos","status":"publish","type":"post","link":"https:\/\/encuentroinformativo.com.mx\/?p=19046","title":{"rendered":"Manifestantes reclaman liberaci\u00f3n de presos pol\u00edticos"},"content":{"rendered":"\n<p><strong>Juan Arcos<\/strong><\/p>\n\n\n\n<p>Xalapa, Ver.- Integrantes del Frente Nacional de Lucha por el Socialismo (FNLS) protestaron frente a Palacio de Gobierno como parte de la jornada nacional de lucha por la justicia y la libertad.<\/p>\n\n\n\n<p>Los quejosos exigieron la liberaci\u00f3n de su compa\u00f1ero Higinio Bustos Navarro, detenido el pasado 4 de mayo en el municipio de Chicontepec y acusado del asesinato de un militar hace m\u00e1s de diez a\u00f1os, a quien consideran un preso pol\u00edtico.\u00a0<\/p>\n\n\n\n<p>Tambi\u00e9n indicaron que contin\u00faan los ataques contra los activistas que defienden el medio ambiente o el territorio.<\/p>\n\n\n\n<p>En ese sentido, negaron que dicha represi\u00f3n haya cesado durante el actual gobierno federal de la Cuarta Transformaci\u00f3n (4R).\u00a0<br>De acuerdo con Ramiro, integrante del FNLS, quien omiti\u00f3 su nombre completo por temor a represalias, tambi\u00e9n en el estado de Veracruz han ocurrido asesinatos de periodistas y activistas.<\/p>\n\n\n\n<p>\u201cLas pr\u00e1cticas son las del PRI, la detenci\u00f3n, la represi\u00f3n, el encarcelamiento de manera selectiva y la reprensi\u00f3n es diaria, hay ejecutados y es la misma pr\u00e1ctica, el discurso de las ma\u00f1aneras se replica en el estado de Veracruz, por el ejecutivo del estado\u201d.<\/p>\n\n\n\n<p>En ese sentido, los integrantes del Frente Nacional de Lucha por el Socialismo reclamaron al gobierno la liberaci\u00f3n de los presos pol\u00edticos, incluyendo a sus compa\u00f1eros de Veracruz, Chiapas y otros estados.<\/p>\n\n\n\n<p>Adem\u00e1s, demandaron que haya justicia y castigo contra quienes resulten responsables de ejecuciones extrajudiciales, desapariciones y dem\u00e1s atentados contra activistas.<\/p>\n","protected":false},"excerpt":{"rendered":"<p>Juan Arcos Xalapa, Ver.- Integrantes del Frente Nacional de Lucha por el Socialismo (FNLS) protestaron frente a Palacio de Gobierno como parte de la jornada nacional de lucha por la justicia y la libertad. Los quejosos exigieron la liberaci\u00f3n de su compa\u00f1ero Higinio Bustos Navarro, detenido el pasado 4 de mayo en el municipio de [&hellip;]<\/p>\n","protected":false},"author":1,"featured_media":19047,"comment_status":"open","ping_status":"open","sticky":false,"template":"","format":"standard","meta":{"_jetpack_memberships_contains_paid_content":false,"footnotes":""},"categories":[3],"tags":[],"class_list":["post-19046","post","type-post","status-publish","format-standard","has-post-thumbnail","hentry","category-xalapa"],"jetpack_featured_media_url":"https:\/\/encuentroinformativo.com.mx\/wp-content\/uploads\/2021\/10\/147D61A7-4595-408F-9107-054E38A0EFEC.jpeg","jetpack_sharing_enabled":true,"jetpack_likes_enabled":true,"amp_enabled":true,"_links":{"self":[{"href":"https:\/\/encuentroinformativo.com.mx\/index.php?rest_route=\/wp\/v2\/posts\/19046","targetHints":{"allow":["GET"]}}],"collection":[{"href":"https:\/\/encuentroinformativo.com.mx\/index.php?rest_route=\/wp\/v2\/posts"}],"about":[{"href":"https:\/\/encuentroinformativo.com.mx\/index.php?rest_route=\/wp\/v2\/types\/post"}],"author":[{"embeddable":true,"href":"https:\/\/encuentroinformativo.com.mx\/index.php?rest_route=\/wp\/v2\/users\/1"}],"replies":[{"embeddable":true,"href":"https:\/\/encuentroinformativo.com.mx\/index.php?rest_route=%2Fwp%2Fv2%2Fcomments&post=19046"}],"version-history":[{"count":1,"href":"https:\/\/encuentroinformativo.com.mx\/index.php?rest_route=\/wp\/v2\/posts\/19046\/revisions"}],"predecessor-version":[{"id":19048,"href":"https:\/\/encuentroinformativo.com.mx\/index.php?rest_route=\/wp\/v2\/posts\/19046\/revisions\/19048"}],"wp:featuredmedia":[{"embeddable":true,"href":"https:\/\/encuentroinformativo.com.mx\/index.php?rest_route=\/wp\/v2\/media\/19047"}],"wp:attachment":[{"href":"https:\/\/encuentroinformativo.com.mx\/index.php?rest_route=%2Fwp%2Fv2%2Fmedia&parent=19046"}],"wp:term":[{"taxonomy":"category","embeddable":true,"href":"https:\/\/encuentroinformativo.com.mx\/index.php?rest_route=%2Fwp%2Fv2%2Fcategories&post=19046"},{"taxonomy":"post_tag","embeddable":true,"href":"https:\/\/encuentroinformativo.com.mx\/index.php?rest_route=%2Fwp%2Fv2%2Ftags&post=19046"}],"curies":[{"name":"wp","href":"https:\/\/api.w.org\/{rel}","templated":true}]}}