{"id":19056,"date":"2021-10-05T15:06:14","date_gmt":"2021-10-05T20:06:14","guid":{"rendered":"https:\/\/encuentroinformativo.com.mx\/?p=19056"},"modified":"2021-10-05T15:06:17","modified_gmt":"2021-10-05T20:06:17","slug":"catem-demanda-esclarecer-homicidio-de-lider-en-veracruz","status":"publish","type":"post","link":"https:\/\/encuentroinformativo.com.mx\/?p=19056","title":{"rendered":"CATEM demanda esclarecer homicidio de l\u00edder en Veracruz"},"content":{"rendered":"\n<p><strong>Juan Arcos\u00a0<\/strong><\/p>\n\n\n\n<p>Xalapa, Ver.- La tarde del pasado domingo fue asesinado a balazos Antonio Arg\u00fcelles Guerrero, l\u00edder de la Confederaci\u00f3n Aut\u00f3noma de Trabajadores y Empleados de M\u00e9xico (CATEM) en la zona norte de Veracruz.<\/p>\n\n\n\n<p>Los hechos ocurrieron despu\u00e9s de las 15:00 horas en el municipio de Tempoal, cuando el dirigente de la agrupaci\u00f3n viajaba en compa\u00f1\u00eda de su hija en su veh\u00edculo particular y fue sorprendi\u00f3 por un sujeto a bordo de una motocicleta.<\/p>\n\n\n\n<p>El delincuente aprovech\u00f3 el momento en que Arg\u00fcelles Guerrero se estacionaba para atacarlo con arma de fuego, en repetidas ocasiones, hasta matarlo.<\/p>\n\n\n\n<p>Al sitio acudieron elementos de la Polic\u00eda Ministerial para realizar las primeras diligencias, donde hallaron por lo menos 11 casquillos percutidos.<\/p>\n\n\n\n<p>Por estos hechos, la Fiscal\u00eda General del Estado (FGE), a cargo de Ver\u00f3nica Hern\u00e1ndez Giad\u00e1ns, abri\u00f3 una carpeta de investigaci\u00f3n para dar con los responsables del crimen.<\/p>\n\n\n\n<p>Antonio Arg\u00fcelles, alias \u201cEl Tata\u201d, era esposo de la futura regidora del Partido Revolucionario Institucional (PRI) en Tempoal, Clara Rita Lara Bustos.<\/p>\n\n\n\n<p><strong>CONDENAN ATENTADO<\/strong><\/p>\n\n\n\n<p>La Confederaci\u00f3n Aut\u00f3noma de Trabajadores y Empleados de M\u00e9xico en el estado de Veracruz conden\u00f3 el atentado y exigi\u00f3 a las autoridades responsables el esclarecimiento del caso.<\/p>\n\n\n\n<p>La organizaci\u00f3n sindical y sus agremiados demandaron a la Fiscal\u00eda General del Estado que realice las investigaciones correspondientes, con el prop\u00f3sito de dar con los responsables.<\/p>\n\n\n\n<p>Tambi\u00e9n hicieron un llamado al Gobierno del Estado para redoblar las medidas de seguridad, pues este tipo de cr\u00edmenes muestran que no hay garant\u00edas para los ciudadanos al respecto.<\/p>\n\n\n\n<p>De acuerdo con informaci\u00f3n de la CATEM, Arg\u00fcelles Guerrero, era originario de Tempoal de S\u00e1nchez y considerado un l\u00edder nato en la regi\u00f3n, hombre comprometido con las causas sociales, razonable y coincidente con el bienestar com\u00fan.<\/p>\n\n\n\n<p>Por lo anterior, la CATEM exigi\u00f3 que su muerte no quede impune, toda vez que resulta lamentable que haya sido asesinado con arma de fuego a plena luz del d\u00eda.<\/p>\n\n\n\n<p>La CATEM record\u00f3 que han sido constantes los ataques, secuestros y amenazas contra l\u00edderes e integrantes de la organizaci\u00f3n a nivel nacional.<\/p>\n","protected":false},"excerpt":{"rendered":"<p>Juan Arcos\u00a0 Xalapa, Ver.- La tarde del pasado domingo fue asesinado a balazos Antonio Arg\u00fcelles Guerrero, l\u00edder de la Confederaci\u00f3n Aut\u00f3noma de Trabajadores y Empleados de M\u00e9xico (CATEM) en la zona norte de Veracruz. Los hechos ocurrieron despu\u00e9s de las 15:00 horas en el municipio de Tempoal, cuando el dirigente de la agrupaci\u00f3n viajaba en [&hellip;]<\/p>\n","protected":false},"author":1,"featured_media":19057,"comment_status":"open","ping_status":"open","sticky":false,"template":"","format":"standard","meta":{"_jetpack_memberships_contains_paid_content":false,"footnotes":""},"categories":[14],"tags":[],"class_list":["post-19056","post","type-post","status-publish","format-standard","has-post-thumbnail","hentry","category-policiaca"],"jetpack_featured_media_url":"https:\/\/encuentroinformativo.com.mx\/wp-content\/uploads\/2021\/10\/58DA77FE-C26A-4A52-A050-76D35FA2FAA9.jpeg","jetpack_sharing_enabled":true,"jetpack_likes_enabled":true,"amp_enabled":true,"_links":{"self":[{"href":"https:\/\/encuentroinformativo.com.mx\/index.php?rest_route=\/wp\/v2\/posts\/19056","targetHints":{"allow":["GET"]}}],"collection":[{"href":"https:\/\/encuentroinformativo.com.mx\/index.php?rest_route=\/wp\/v2\/posts"}],"about":[{"href":"https:\/\/encuentroinformativo.com.mx\/index.php?rest_route=\/wp\/v2\/types\/post"}],"author":[{"embeddable":true,"href":"https:\/\/encuentroinformativo.com.mx\/index.php?rest_route=\/wp\/v2\/users\/1"}],"replies":[{"embeddable":true,"href":"https:\/\/encuentroinformativo.com.mx\/index.php?rest_route=%2Fwp%2Fv2%2Fcomments&post=19056"}],"version-history":[{"count":1,"href":"https:\/\/encuentroinformativo.com.mx\/index.php?rest_route=\/wp\/v2\/posts\/19056\/revisions"}],"predecessor-version":[{"id":19058,"href":"https:\/\/encuentroinformativo.com.mx\/index.php?rest_route=\/wp\/v2\/posts\/19056\/revisions\/19058"}],"wp:featuredmedia":[{"embeddable":true,"href":"https:\/\/encuentroinformativo.com.mx\/index.php?rest_route=\/wp\/v2\/media\/19057"}],"wp:attachment":[{"href":"https:\/\/encuentroinformativo.com.mx\/index.php?rest_route=%2Fwp%2Fv2%2Fmedia&parent=19056"}],"wp:term":[{"taxonomy":"category","embeddable":true,"href":"https:\/\/encuentroinformativo.com.mx\/index.php?rest_route=%2Fwp%2Fv2%2Fcategories&post=19056"},{"taxonomy":"post_tag","embeddable":true,"href":"https:\/\/encuentroinformativo.com.mx\/index.php?rest_route=%2Fwp%2Fv2%2Ftags&post=19056"}],"curies":[{"name":"wp","href":"https:\/\/api.w.org\/{rel}","templated":true}]}}