{"id":19065,"date":"2021-10-05T15:34:54","date_gmt":"2021-10-05T20:34:54","guid":{"rendered":"https:\/\/encuentroinformativo.com.mx\/?p=19065"},"modified":"2021-10-05T15:34:58","modified_gmt":"2021-10-05T20:34:58","slug":"retornan-dirigencia-de-fuerza-por-mexico-a-tato-vega","status":"publish","type":"post","link":"https:\/\/encuentroinformativo.com.mx\/?p=19065","title":{"rendered":"Retornan dirigencia de Fuerza por M\u00e9xico a Tato Vega"},"content":{"rendered":"\n<p><strong>Dar\u00edo Pale<\/strong><\/p>\n\n\n\n<p>Xalapa, Ver.- El Instituto Nacional Electoral (INE) le da la dirigencia de Fuerza M\u00e9xico a Tato Vega, con ello, Jaqueline Garc\u00eda queda fuera de la dirigencia seg\u00fan lo notificado este 5 de octubre.<\/p>\n\n\n\n<p>Fue por medio del oficio INE\/DEPPF\/10146\/2021 que reconoci\u00f3 a Eduardo Vega Yunes como dirigente estatal del partido Fuerza M\u00e9xico y siga al frente del partido que fue creado a nivel nacional y que se mantendr\u00e1 en Veracruz.<\/p>\n\n\n\n<p>Dicho documento se\u00f1ala lo siguiente: \u201cEn consecuencia por lo anterior expuesto y de conformidad de los diversos \u00a0preceptos mencionados, le recuerdo que esta Direcci\u00f3n Ejecutiva determin\u00f3 realizar la inscripci\u00f3n correspondiente a la reincorporaci\u00f3n del C. Eduardo Vega Yunes como Presidente del Comit\u00e9 Directivo Estatal de Fuerza por M\u00e9xico en el estado de Veracruz, con efectos a partir del veintinueve de agosto del a\u00f1o en curso, en el libro de registro de integrantes de \u00f3rganos directivos que lleva tal efecto\u201d.<\/p>\n\n\n\n<p>Dicho documento firmado por Claudia Urbina Esparza, encargada del despacho de la direcci\u00f3n ejecutiva de prerrogativas y \u00a0partidos pol\u00edticos del INE, con ello, se notifica que la nueva dirigencia cobra efectos a partir del 29 de agosto de este a\u00f1o, y Jaqueline Garc\u00eda Hern\u00e1ndez tendr\u00e1 que dejar de fungir como dirigente interina.<\/p>\n\n\n\n<p>Jaqueline Garc\u00eda Hern\u00e1ndez lleg\u00f3 a la dirigencia interina el 21 de abril de este a\u00f1o, cuando Tato Vega pidi\u00f3 licencia en su partido para participar en el pasado proceso electoral y postularse como candidato a diputado federal.<\/p>\n\n\n\n<p>Finalmente, al concluir la elecci\u00f3n, Tato Vega decidi\u00f3 regresar a la dirigencia, cosa que no se le permiti\u00f3 por Jaqueline Garc\u00eda, e incluso lo acus\u00f3 de violencia pol\u00edtica en raz\u00f3n de g\u00e9nero.<\/p>\n","protected":false},"excerpt":{"rendered":"<p>Dar\u00edo Pale Xalapa, Ver.- El Instituto Nacional Electoral (INE) le da la dirigencia de Fuerza M\u00e9xico a Tato Vega, con ello, Jaqueline Garc\u00eda queda fuera de la dirigencia seg\u00fan lo notificado este 5 de octubre. Fue por medio del oficio INE\/DEPPF\/10146\/2021 que reconoci\u00f3 a Eduardo Vega Yunes como dirigente estatal del partido Fuerza M\u00e9xico y [&hellip;]<\/p>\n","protected":false},"author":1,"featured_media":19066,"comment_status":"open","ping_status":"open","sticky":false,"template":"","format":"standard","meta":{"_jetpack_memberships_contains_paid_content":false,"footnotes":""},"categories":[2],"tags":[],"class_list":["post-19065","post","type-post","status-publish","format-standard","has-post-thumbnail","hentry","category-estado"],"jetpack_featured_media_url":"https:\/\/encuentroinformativo.com.mx\/wp-content\/uploads\/2021\/10\/35F2F341-BD57-4A95-AA63-083877160B70.jpeg","jetpack_sharing_enabled":true,"jetpack_likes_enabled":true,"amp_enabled":true,"_links":{"self":[{"href":"https:\/\/encuentroinformativo.com.mx\/index.php?rest_route=\/wp\/v2\/posts\/19065","targetHints":{"allow":["GET"]}}],"collection":[{"href":"https:\/\/encuentroinformativo.com.mx\/index.php?rest_route=\/wp\/v2\/posts"}],"about":[{"href":"https:\/\/encuentroinformativo.com.mx\/index.php?rest_route=\/wp\/v2\/types\/post"}],"author":[{"embeddable":true,"href":"https:\/\/encuentroinformativo.com.mx\/index.php?rest_route=\/wp\/v2\/users\/1"}],"replies":[{"embeddable":true,"href":"https:\/\/encuentroinformativo.com.mx\/index.php?rest_route=%2Fwp%2Fv2%2Fcomments&post=19065"}],"version-history":[{"count":1,"href":"https:\/\/encuentroinformativo.com.mx\/index.php?rest_route=\/wp\/v2\/posts\/19065\/revisions"}],"predecessor-version":[{"id":19067,"href":"https:\/\/encuentroinformativo.com.mx\/index.php?rest_route=\/wp\/v2\/posts\/19065\/revisions\/19067"}],"wp:featuredmedia":[{"embeddable":true,"href":"https:\/\/encuentroinformativo.com.mx\/index.php?rest_route=\/wp\/v2\/media\/19066"}],"wp:attachment":[{"href":"https:\/\/encuentroinformativo.com.mx\/index.php?rest_route=%2Fwp%2Fv2%2Fmedia&parent=19065"}],"wp:term":[{"taxonomy":"category","embeddable":true,"href":"https:\/\/encuentroinformativo.com.mx\/index.php?rest_route=%2Fwp%2Fv2%2Fcategories&post=19065"},{"taxonomy":"post_tag","embeddable":true,"href":"https:\/\/encuentroinformativo.com.mx\/index.php?rest_route=%2Fwp%2Fv2%2Ftags&post=19065"}],"curies":[{"name":"wp","href":"https:\/\/api.w.org\/{rel}","templated":true}]}}