{"id":19068,"date":"2021-10-05T16:42:49","date_gmt":"2021-10-05T21:42:49","guid":{"rendered":"https:\/\/encuentroinformativo.com.mx\/?p=19068"},"modified":"2021-10-05T16:42:52","modified_gmt":"2021-10-05T21:42:52","slug":"asume-suplente-de-rogelio-n-curul-en-san-lazaro","status":"publish","type":"post","link":"https:\/\/encuentroinformativo.com.mx\/?p=19068","title":{"rendered":"Asume suplente de Rogelio \u201cN\u201d curul en San L\u00e1zaro"},"content":{"rendered":"\n<p><strong>Dar\u00edo Pale<\/strong><\/p>\n\n\n\n<p>Xalapa,  Ver.- El d\u00eda de hoy rindi\u00f3 protesta Jes\u00fas Alberto Vel\u00e1squez Flores como diputado federal del Partido de le Revoluci\u00f3n Democr\u00e1tica (PRD), el es suplente de Rogelio \u201cN\u201d, quien se encuentra detenido.<\/p>\n\n\n\n<p>Tal como se ten\u00eda previsto, este martes Jes\u00fas Alberto Vel\u00e1squez Flores, candidato suplente del diputado electo, Rogelio \u201cN\u201d, rindi\u00f3 protesta de Ley como legislador plurinominal del PRD, por la tercera circunscripci\u00f3n.<\/p>\n\n\n\n<p>Durante la sesi\u00f3n se llam\u00f3 a una comisi\u00f3n de legisladores integrada por Carlos Alberto Valenzuela Gonz\u00e1lez, Lorena Pi\u00f1\u00f3n y Elizabeth P\u00e9rez Vald\u00e9s.<\/p>\n\n\n\n<p>En virtud de que el diputado Rogelio \u201cN\u201d no rindi\u00f3 protesta, la C\u00e1mara de Diputados convoc\u00f3 a su suplente la semana pasada, ello debido a que el perredista se encuentra preso, acusado del delito de ultrajes a la autoridad y pesa en su contra una orden de aprehensi\u00f3n por el delito de violencia intrafamiliar.<\/p>\n","protected":false},"excerpt":{"rendered":"<p>Dar\u00edo Pale Xalapa, Ver.- El d\u00eda de hoy rindi\u00f3 protesta Jes\u00fas Alberto Vel\u00e1squez Flores como diputado federal del Partido de le Revoluci\u00f3n Democr\u00e1tica (PRD), el es suplente de Rogelio \u201cN\u201d, quien se encuentra detenido. Tal como se ten\u00eda previsto, este martes Jes\u00fas Alberto Vel\u00e1squez Flores, candidato suplente del diputado electo, Rogelio \u201cN\u201d, rindi\u00f3 protesta de [&hellip;]<\/p>\n","protected":false},"author":1,"featured_media":19069,"comment_status":"open","ping_status":"open","sticky":false,"template":"","format":"standard","meta":{"_jetpack_memberships_contains_paid_content":false,"footnotes":""},"categories":[12],"tags":[],"class_list":["post-19068","post","type-post","status-publish","format-standard","has-post-thumbnail","hentry","category-nacional"],"jetpack_featured_media_url":"https:\/\/encuentroinformativo.com.mx\/wp-content\/uploads\/2021\/10\/14D2E10C-AF8C-48FE-84FB-14FF731192A8.jpeg","jetpack_sharing_enabled":true,"jetpack_likes_enabled":true,"amp_enabled":true,"_links":{"self":[{"href":"https:\/\/encuentroinformativo.com.mx\/index.php?rest_route=\/wp\/v2\/posts\/19068","targetHints":{"allow":["GET"]}}],"collection":[{"href":"https:\/\/encuentroinformativo.com.mx\/index.php?rest_route=\/wp\/v2\/posts"}],"about":[{"href":"https:\/\/encuentroinformativo.com.mx\/index.php?rest_route=\/wp\/v2\/types\/post"}],"author":[{"embeddable":true,"href":"https:\/\/encuentroinformativo.com.mx\/index.php?rest_route=\/wp\/v2\/users\/1"}],"replies":[{"embeddable":true,"href":"https:\/\/encuentroinformativo.com.mx\/index.php?rest_route=%2Fwp%2Fv2%2Fcomments&post=19068"}],"version-history":[{"count":1,"href":"https:\/\/encuentroinformativo.com.mx\/index.php?rest_route=\/wp\/v2\/posts\/19068\/revisions"}],"predecessor-version":[{"id":19070,"href":"https:\/\/encuentroinformativo.com.mx\/index.php?rest_route=\/wp\/v2\/posts\/19068\/revisions\/19070"}],"wp:featuredmedia":[{"embeddable":true,"href":"https:\/\/encuentroinformativo.com.mx\/index.php?rest_route=\/wp\/v2\/media\/19069"}],"wp:attachment":[{"href":"https:\/\/encuentroinformativo.com.mx\/index.php?rest_route=%2Fwp%2Fv2%2Fmedia&parent=19068"}],"wp:term":[{"taxonomy":"category","embeddable":true,"href":"https:\/\/encuentroinformativo.com.mx\/index.php?rest_route=%2Fwp%2Fv2%2Fcategories&post=19068"},{"taxonomy":"post_tag","embeddable":true,"href":"https:\/\/encuentroinformativo.com.mx\/index.php?rest_route=%2Fwp%2Fv2%2Ftags&post=19068"}],"curies":[{"name":"wp","href":"https:\/\/api.w.org\/{rel}","templated":true}]}}