{"id":19082,"date":"2021-10-06T13:31:59","date_gmt":"2021-10-06T18:31:59","guid":{"rendered":"https:\/\/encuentroinformativo.com.mx\/?p=19082"},"modified":"2021-10-06T13:32:03","modified_gmt":"2021-10-06T18:32:03","slug":"papantla-sede-del-festival-de-dia-de-muertos","status":"publish","type":"post","link":"https:\/\/encuentroinformativo.com.mx\/?p=19082","title":{"rendered":"Papantla, sede del Festival de D\u00eda de Muertos"},"content":{"rendered":"\n<p><strong>Dar\u00edo Pale <\/strong><\/p>\n\n\n\n<p>Xalapa, Ver.- La secretaria de Turismo y Cultura, X\u00f3chitl Arbesu Lagos, dio a conocer que por primera vez el Festival de D\u00eda de Muertos ser\u00e1 en Papantla para reactivar econom\u00eda, y se llevar\u00e1 a cabo en el Parque Tem\u00e1tico Takilhdukut.<\/p>\n\n\n\n<p>En conferencia de prensa realizada en conocido hotel de la calle de Zaragoza se\u00f1alaron que, &#8220;por primera vez se abre la puerta de la cultura totonaca, por lo que estamos muy agradecidos con la comunidad, con los abuelos, con las abuelas que puedo fomentar esta noci\u00f3n de que ya estamos listos, de que est\u00e1 movi\u00e9ndose el tema de la reconstrucci\u00f3n y todos los turistas nos pueden apoyar con un granito de arena para la reactivaci\u00f3n econ\u00f3mica&#8221;, destac\u00f3.<\/p>\n\n\n\n<p>La funcionaria, record\u00f3 que a lo largo de la pandemia, la regi\u00f3n ha logrado apenas un despunte del 30% de ocupaci\u00f3n hotelera, por lo que estim\u00f3 que con este festival sea igual, y resalt\u00f3 que ya han hecho una alianza con todos los hoteleros de los municipios de Papantla y Poza Rica para que la gente que acuda se quede los tres d\u00edas.<\/p>\n\n\n\n<p>&#8220;Es la primera vez durante estos \u00faltimos a\u00f1os que se realiza este festival de D\u00eda de Muertos porque seg\u00fan platicaba con los abuelos y las abuelas, estos tiempos normalmente son de guardar, de estar con los tuyos, de estar en casa, pero ahora abren sus puertas unos d\u00edas antes para compartir con nosotros desde el amor, desde el respeto y poder de alguna manera ofrecer esta cosmovisi\u00f3n del mundo de los totonacas para todos los que nos quieran visitar&#8221;, se\u00f1al\u00f3.<\/p>\n\n\n\n<p>Adem\u00e1s de fomentar la cultura, dicho evento se realiza en este municipio de la zona norte y en el parque sede de la Cumbre Taj\u00edn que ha estado cerrado con motivo de la contingencia sanitaria con el fin de reactivar la econom\u00eda en esta que fue de las zonas m\u00e1s afectadas por la entrada del hurac\u00e1n Grace.<\/p>\n\n\n\n<p>&#8220;Papantla junto con muchas de las zonas del norte del estado fueron de las m\u00e1s afectadas por el paso del hurac\u00e1n Grace, por eso, en coordinaci\u00f3n con el Consejo de Abuelos y Abuelas, con el Centro de Artes Ind\u00edgenas, con el DIF estatal y con toda la comunidad que hemos podido trabajar, vamos a realizar este maravilloso festival de D\u00eda de Muertos para que nos acompa\u00f1en con todas las medidas sanitarias, con el aforo adecuado para que estemos todos como sana distancia, pero que s\u00ed puedan disfrutar de estas tradiciones totonacas&#8221;, destac\u00f3.<\/p>\n\n\n\n<p>Detall\u00f3 qu\u00e9 durante el festival se podr\u00e1 gozar de la danza de los Guaguas, por primera vez se har\u00e1 una proyecci\u00f3n videomapping en el Parque, asimismo habr\u00e1 una exposici\u00f3n artesanal muy importante, habr\u00e1 tapetes de flores, de aserr\u00edn, as\u00ed como muestra gastron\u00f3mica.<\/p>\n\n\n\n<p>&#8220;De las derrama econ\u00f3mica estamos abiertos a que la gente pueda venir, ojal\u00e1 pudi\u00e9ramos registrar arriba del 30% de la ocupaci\u00f3n hotelera, sabemos que son momentos complicados para todos, pero con la ayuda de los medios de comunicaci\u00f3n y, con el apoyo de la comunidad podemos tener por lo menos un 30% de ocupaci\u00f3n hotelera&#8221;, estim\u00f3.<\/p>\n\n\n\n<p>Por otra parte, dio a conocer que el gobernador Cuitl\u00e1huac Garc\u00eda ya tuvo acercamiento con los funcionarios del INAH, para que en los pr\u00f3ximos d\u00edas se puedan abrir todas las zonas arqueol\u00f3gicas.<\/p>\n\n\n\n<p>&#8220;Entendemos que ya est\u00e1 muy pronto por liberarse la apertura de las zonas arqueol\u00f3gicas en todo el Estado, ya el Gobernador habl\u00f3 con el INAH y con la Secretar\u00eda de Cultura, posiblemente la pr\u00f3xima semana o en 15 d\u00edas m\u00e1ximo, pueda quedar finalmente la apertura no nada m\u00e1s del Taj\u00edn, sino de los 10 espacios arqueol\u00f3gicos que tiene abiertos el INAH en el Estado&#8221;, destac\u00f3.<\/p>\n\n\n\n<p>El Abuelo Guadalupe Simbr\u00f3n Garc\u00eda subray\u00f3 la importancia de que las nuevas generaciones conozcan las tradiciones de la regi\u00f3n con las que se espera y recuerda a los seres queridos que ya \u00a0partieron.<\/p>\n\n\n\n<p>Finalmente Alberto Garc\u00eda Director del Centro de las Artes Ind\u00edgenas dijo que se trata de un patrimonio vivo que se preserva de esta manera.<\/p>\n","protected":false},"excerpt":{"rendered":"<p>Dar\u00edo Pale Xalapa, Ver.- La secretaria de Turismo y Cultura, X\u00f3chitl Arbesu Lagos, dio a conocer que por primera vez el Festival de D\u00eda de Muertos ser\u00e1 en Papantla para reactivar econom\u00eda, y se llevar\u00e1 a cabo en el Parque Tem\u00e1tico Takilhdukut. En conferencia de prensa realizada en conocido hotel de la calle de Zaragoza [&hellip;]<\/p>\n","protected":false},"author":1,"featured_media":19083,"comment_status":"open","ping_status":"open","sticky":false,"template":"","format":"standard","meta":{"_jetpack_memberships_contains_paid_content":false,"footnotes":""},"categories":[2],"tags":[],"class_list":["post-19082","post","type-post","status-publish","format-standard","has-post-thumbnail","hentry","category-estado"],"jetpack_featured_media_url":"https:\/\/encuentroinformativo.com.mx\/wp-content\/uploads\/2021\/10\/71B3199F-D9DA-4E51-99AC-89C07DCCA2F2.jpeg","jetpack_sharing_enabled":true,"jetpack_likes_enabled":true,"amp_enabled":true,"_links":{"self":[{"href":"https:\/\/encuentroinformativo.com.mx\/index.php?rest_route=\/wp\/v2\/posts\/19082","targetHints":{"allow":["GET"]}}],"collection":[{"href":"https:\/\/encuentroinformativo.com.mx\/index.php?rest_route=\/wp\/v2\/posts"}],"about":[{"href":"https:\/\/encuentroinformativo.com.mx\/index.php?rest_route=\/wp\/v2\/types\/post"}],"author":[{"embeddable":true,"href":"https:\/\/encuentroinformativo.com.mx\/index.php?rest_route=\/wp\/v2\/users\/1"}],"replies":[{"embeddable":true,"href":"https:\/\/encuentroinformativo.com.mx\/index.php?rest_route=%2Fwp%2Fv2%2Fcomments&post=19082"}],"version-history":[{"count":1,"href":"https:\/\/encuentroinformativo.com.mx\/index.php?rest_route=\/wp\/v2\/posts\/19082\/revisions"}],"predecessor-version":[{"id":19084,"href":"https:\/\/encuentroinformativo.com.mx\/index.php?rest_route=\/wp\/v2\/posts\/19082\/revisions\/19084"}],"wp:featuredmedia":[{"embeddable":true,"href":"https:\/\/encuentroinformativo.com.mx\/index.php?rest_route=\/wp\/v2\/media\/19083"}],"wp:attachment":[{"href":"https:\/\/encuentroinformativo.com.mx\/index.php?rest_route=%2Fwp%2Fv2%2Fmedia&parent=19082"}],"wp:term":[{"taxonomy":"category","embeddable":true,"href":"https:\/\/encuentroinformativo.com.mx\/index.php?rest_route=%2Fwp%2Fv2%2Fcategories&post=19082"},{"taxonomy":"post_tag","embeddable":true,"href":"https:\/\/encuentroinformativo.com.mx\/index.php?rest_route=%2Fwp%2Fv2%2Ftags&post=19082"}],"curies":[{"name":"wp","href":"https:\/\/api.w.org\/{rel}","templated":true}]}}