{"id":19091,"date":"2021-10-06T14:03:19","date_gmt":"2021-10-06T19:03:19","guid":{"rendered":"https:\/\/encuentroinformativo.com.mx\/?p=19091"},"modified":"2021-10-06T14:03:22","modified_gmt":"2021-10-06T19:03:22","slug":"reanudan-actividades-de-festival-afrocaribeno","status":"publish","type":"post","link":"https:\/\/encuentroinformativo.com.mx\/?p=19091","title":{"rendered":"Reanudan actividades de Festival Afrocaribe\u00f1o"},"content":{"rendered":"\n<p><strong>Alejandro \u00c1vila<\/strong><\/p>\n\n\n\n<p><strong>Foto: <\/strong>V\u00edctor Y\u00e1\u00f1ez\/Cortes\u00eda <\/p>\n\n\n\n<p>Veracruz, Ver.- La directora del Instituto Veracruzano de Cultura (IVEC), Silvia Alejandr\u00e9 Prado, inform\u00f3 en conferencia de prensa que para este 2021 vuelve el Festival Afrocaribe\u00f1o, mismo que se desarrollar\u00e1 en 5 municipios del 14 al 17 de octubre.<\/p>\n\n\n\n<p>Como los \u00faltimos eventos, tendr\u00e1 una modalidad h\u00edbrida, siendo los municipios de Veracruz, Xalapa, Boca del R\u00edo, Yanga y Tamiahua, quienes tendr\u00e1n actividades relacionadas con el festival de la tercera ra\u00edz.<\/p>\n\n\n\n<p>El objetivo, se dijo, es promover y difundir, todas las manifestaciones culturales relacionadas con la herencia afromestiza.<\/p>\n\n\n\n<p>El programa estar\u00e1 conformado por conferencias, conversatorios, presentaciones editoriales, performance de danzas, conciertos y talleres.<\/p>\n\n\n\n<p>De la misma manera, dieron a conocer que este a\u00f1o se otorgar\u00e1 la medalla \u201cGonzalo Aguirre Beltr\u00e1n\u201d a la Senadora, Susana Harp Iturribarr\u00eda, quien impulso la modificaci\u00f3n del art\u00edculo segundo de la Constituci\u00f3n Mexicana, donde se reconoce a la poblaci\u00f3n afromexicana como componente de nuestro pa\u00eds.<\/p>\n\n\n\n<p>Dentro de las actividades art\u00edsticas se contar\u00e1 con la participaci\u00f3n de grupos musicales de Guerrero y Oaxaca, ya que se reconoci\u00f3 son las entidades, junto con Veracruz, con mayor representatividad de poblaci\u00f3n afromexicana.<\/p>\n\n\n\n<p>El acceso a las actividades ser\u00e1 gratuito, por lo que la invitaci\u00f3n es abierta al p\u00fablico en general.&nbsp;<\/p>\n\n\n\n<p>La ceremonia de inauguraci\u00f3n del festival tendr\u00e1 lugar el 15 de octubre a las 17:00 horas en el ExConvento Betlehemita Centro Cultural.<\/p>\n\n\n\n<p>Para mayores informes consulta el programa en el sitio&nbsp;ivec.gob.mx, o a trav\u00e9s de las redes sociales Facebook y Twitter.<\/p>\n","protected":false},"excerpt":{"rendered":"<p>Alejandro \u00c1vila Foto: V\u00edctor Y\u00e1\u00f1ez\/Cortes\u00eda Veracruz, Ver.- La directora del Instituto Veracruzano de Cultura (IVEC), Silvia Alejandr\u00e9 Prado, inform\u00f3 en conferencia de prensa que para este 2021 vuelve el Festival Afrocaribe\u00f1o, mismo que se desarrollar\u00e1 en 5 municipios del 14 al 17 de octubre. Como los \u00faltimos eventos, tendr\u00e1 una modalidad h\u00edbrida, siendo los municipios [&hellip;]<\/p>\n","protected":false},"author":1,"featured_media":19092,"comment_status":"open","ping_status":"open","sticky":false,"template":"","format":"standard","meta":{"_jetpack_memberships_contains_paid_content":false,"footnotes":""},"categories":[2],"tags":[],"class_list":["post-19091","post","type-post","status-publish","format-standard","has-post-thumbnail","hentry","category-estado"],"jetpack_featured_media_url":"https:\/\/encuentroinformativo.com.mx\/wp-content\/uploads\/2021\/10\/484D6CF9-F7E3-4B30-A398-8C6C0D109497.jpeg","jetpack_sharing_enabled":true,"jetpack_likes_enabled":true,"amp_enabled":true,"_links":{"self":[{"href":"https:\/\/encuentroinformativo.com.mx\/index.php?rest_route=\/wp\/v2\/posts\/19091","targetHints":{"allow":["GET"]}}],"collection":[{"href":"https:\/\/encuentroinformativo.com.mx\/index.php?rest_route=\/wp\/v2\/posts"}],"about":[{"href":"https:\/\/encuentroinformativo.com.mx\/index.php?rest_route=\/wp\/v2\/types\/post"}],"author":[{"embeddable":true,"href":"https:\/\/encuentroinformativo.com.mx\/index.php?rest_route=\/wp\/v2\/users\/1"}],"replies":[{"embeddable":true,"href":"https:\/\/encuentroinformativo.com.mx\/index.php?rest_route=%2Fwp%2Fv2%2Fcomments&post=19091"}],"version-history":[{"count":1,"href":"https:\/\/encuentroinformativo.com.mx\/index.php?rest_route=\/wp\/v2\/posts\/19091\/revisions"}],"predecessor-version":[{"id":19093,"href":"https:\/\/encuentroinformativo.com.mx\/index.php?rest_route=\/wp\/v2\/posts\/19091\/revisions\/19093"}],"wp:featuredmedia":[{"embeddable":true,"href":"https:\/\/encuentroinformativo.com.mx\/index.php?rest_route=\/wp\/v2\/media\/19092"}],"wp:attachment":[{"href":"https:\/\/encuentroinformativo.com.mx\/index.php?rest_route=%2Fwp%2Fv2%2Fmedia&parent=19091"}],"wp:term":[{"taxonomy":"category","embeddable":true,"href":"https:\/\/encuentroinformativo.com.mx\/index.php?rest_route=%2Fwp%2Fv2%2Fcategories&post=19091"},{"taxonomy":"post_tag","embeddable":true,"href":"https:\/\/encuentroinformativo.com.mx\/index.php?rest_route=%2Fwp%2Fv2%2Ftags&post=19091"}],"curies":[{"name":"wp","href":"https:\/\/api.w.org\/{rel}","templated":true}]}}