{"id":19094,"date":"2021-10-06T14:14:20","date_gmt":"2021-10-06T19:14:20","guid":{"rendered":"https:\/\/encuentroinformativo.com.mx\/?p=19094"},"modified":"2021-10-06T14:14:24","modified_gmt":"2021-10-06T19:14:24","slug":"por-concluir-obras-en-parque-de-coatepec-seguira-cerrado-por-pandemia","status":"publish","type":"post","link":"https:\/\/encuentroinformativo.com.mx\/?p=19094","title":{"rendered":"Por concluir obras en parque de Coatepec, seguir\u00e1 cerrado por pandemia"},"content":{"rendered":"\n<p><strong>Juan Arcos<\/strong> <\/p>\n\n\n\n<p>Coatepec, Ver.- El alcalde de Coatepec, Luis Enrique Fern\u00e1ndez Peredo, revel\u00f3 que est\u00e1 por culminar la remodelaci\u00f3n del parque Miguel Hidalgo y Costilla, uno de los principales atractivos tur\u00edsticos del Pueblo M\u00e1gico.<\/p>\n\n\n\n<p>El edil mencion\u00f3 que, pese a esa situaci\u00f3n, el sitio no ser\u00e1 abierto al p\u00fablico hasta que el sem\u00e1foro epidemiol\u00f3gico cambie a color verde y haya un bajo riesgo de contagio por SARS-COV-2 (COVID-19).<\/p>\n\n\n\n<p>Tambi\u00e9n coment\u00f3 que se dialoga con los comerciantes semifijos para acordar si sus puestos regresar\u00e1n al parque cuando haya condiciones sanitarias.<\/p>\n\n\n\n<p>\u201cTenemos que platicar con ellos, porque algunos ediles han manifestado que regresen de manera gradual, como lo ten\u00edamos acomodado\u201d, expres\u00f3.<\/p>\n\n\n\n<p>A\u00f1adi\u00f3 que se tiene un padr\u00f3n de 130 vendedores semifijos que adquirieron su c\u00e9dula comercial en administraciones municipales anteriores.<\/p>\n\n\n\n<p>Actualmente, los vendedores de churros, elotes y esquites, hamburguesas, papas fritas y otros productos permanecen sobre las calles Aldama y Jim\u00e9nez del Campillo.<\/p>\n\n\n\n<p>Fern\u00e1ndez Peredo indic\u00f3 que se propondr\u00e1 a los comerciantes opciones para la reubicaci\u00f3n de sus negocios.<\/p>\n\n\n\n<p>\u201cEstamos en pl\u00e1ticas con l\u00edderes de ellos, tenemos opciones que ofrecerles, que no quisiera adelantar hasta que platique con ellos y veamos c\u00f3mo est\u00e1n, en qu\u00e9 disposici\u00f3n se encuentran, no es la idea cerrarles, tampoco es llenar a Coatepec de ambulantes\u201d, a\u00f1adi\u00f3 el Presidente Municipal.<\/p>\n\n\n\n<p>Debido a las recomendaciones sanitarias, los clientes s\u00f3lo pueden comprar sus alimentos para llevar, con el objetivo de evitar aglomeraciones.<\/p>\n\n\n\n<p>Cabe recordar que el municipio de Coatepec se encuentra en sem\u00e1foro epidemiol\u00f3gico regional color naranja, de riesgo alto de contagio, con mil 330 casos confirmados, 143 defunciones y 120 sospechosos.<\/p>\n","protected":false},"excerpt":{"rendered":"<p>Juan Arcos Coatepec, Ver.- El alcalde de Coatepec, Luis Enrique Fern\u00e1ndez Peredo, revel\u00f3 que est\u00e1 por culminar la remodelaci\u00f3n del parque Miguel Hidalgo y Costilla, uno de los principales atractivos tur\u00edsticos del Pueblo M\u00e1gico. El edil mencion\u00f3 que, pese a esa situaci\u00f3n, el sitio no ser\u00e1 abierto al p\u00fablico hasta que el sem\u00e1foro epidemiol\u00f3gico cambie [&hellip;]<\/p>\n","protected":false},"author":1,"featured_media":19095,"comment_status":"open","ping_status":"open","sticky":false,"template":"","format":"standard","meta":{"_jetpack_memberships_contains_paid_content":false,"footnotes":""},"categories":[8],"tags":[],"class_list":["post-19094","post","type-post","status-publish","format-standard","has-post-thumbnail","hentry","category-region"],"jetpack_featured_media_url":"https:\/\/encuentroinformativo.com.mx\/wp-content\/uploads\/2021\/10\/2B7483E3-2A0E-47B7-8BCA-36283BCD045B.jpeg","jetpack_sharing_enabled":true,"jetpack_likes_enabled":true,"amp_enabled":true,"_links":{"self":[{"href":"https:\/\/encuentroinformativo.com.mx\/index.php?rest_route=\/wp\/v2\/posts\/19094","targetHints":{"allow":["GET"]}}],"collection":[{"href":"https:\/\/encuentroinformativo.com.mx\/index.php?rest_route=\/wp\/v2\/posts"}],"about":[{"href":"https:\/\/encuentroinformativo.com.mx\/index.php?rest_route=\/wp\/v2\/types\/post"}],"author":[{"embeddable":true,"href":"https:\/\/encuentroinformativo.com.mx\/index.php?rest_route=\/wp\/v2\/users\/1"}],"replies":[{"embeddable":true,"href":"https:\/\/encuentroinformativo.com.mx\/index.php?rest_route=%2Fwp%2Fv2%2Fcomments&post=19094"}],"version-history":[{"count":1,"href":"https:\/\/encuentroinformativo.com.mx\/index.php?rest_route=\/wp\/v2\/posts\/19094\/revisions"}],"predecessor-version":[{"id":19096,"href":"https:\/\/encuentroinformativo.com.mx\/index.php?rest_route=\/wp\/v2\/posts\/19094\/revisions\/19096"}],"wp:featuredmedia":[{"embeddable":true,"href":"https:\/\/encuentroinformativo.com.mx\/index.php?rest_route=\/wp\/v2\/media\/19095"}],"wp:attachment":[{"href":"https:\/\/encuentroinformativo.com.mx\/index.php?rest_route=%2Fwp%2Fv2%2Fmedia&parent=19094"}],"wp:term":[{"taxonomy":"category","embeddable":true,"href":"https:\/\/encuentroinformativo.com.mx\/index.php?rest_route=%2Fwp%2Fv2%2Fcategories&post=19094"},{"taxonomy":"post_tag","embeddable":true,"href":"https:\/\/encuentroinformativo.com.mx\/index.php?rest_route=%2Fwp%2Fv2%2Ftags&post=19094"}],"curies":[{"name":"wp","href":"https:\/\/api.w.org\/{rel}","templated":true}]}}