{"id":191,"date":"2020-02-27T13:54:22","date_gmt":"2020-02-27T19:54:22","guid":{"rendered":"https:\/\/encuentroinformativodotcomdotmx.wordpress.com\/2020\/02\/27\/colonos-demandan-apoyo-por-afectaciones-de-ff\/"},"modified":"2020-02-27T13:54:22","modified_gmt":"2020-02-27T19:54:22","slug":"colonos-demandan-apoyo-por-afectaciones-de-ff","status":"publish","type":"post","link":"https:\/\/encuentroinformativo.com.mx\/?p=191","title":{"rendered":"Colonos demandan apoyo por afectaciones de FF"},"content":{"rendered":"\n<figure class=\"wp-block-image size-large\"><img loading=\"lazy\" decoding=\"async\" width=\"1024\" height=\"682\" src=\"https:\/\/encuentroinformativo.com.mx\/wp-content\/uploads\/2020\/02\/img_7775-1.jpg?w=1024\" alt=\"\" class=\"wp-image-190\" srcset=\"https:\/\/encuentroinformativo.com.mx\/wp-content\/uploads\/2020\/02\/img_7775-1.jpg 1024w, https:\/\/encuentroinformativo.com.mx\/wp-content\/uploads\/2020\/02\/img_7775-1-300x200.jpg 300w, https:\/\/encuentroinformativo.com.mx\/wp-content\/uploads\/2020\/02\/img_7775-1-768x512.jpg 768w\" sizes=\"auto, (max-width: 1024px) 100vw, 1024px\" \/><\/figure>\n\n\n\n<p><strong>Juan Arcos <\/strong><\/p>\n\n\n\n<p>Xalapa, Ver.- Vecinos de la colonia Rafael Lucio de esta ciudad denunciaron que un techo cay\u00f3 sobre una vivienda y que personal de Protecci\u00f3n Civil municipal se neg\u00f3 a retirarlo.<\/p>\n\n\n\n<p>Los quejosos bloquearon la calle Juan de la Luz Enr\u00edquez, frente al Palacio Municipal, para exigir que sea atendido el problema.<\/p>\n\n\n\n<p>La casa de una mujer result\u00f3 con afectaciones por las fuertes rachas de vientos que trajo consigo el paso del frente fr\u00edo n\u00famero 41, durante el mi\u00e9rcoles.<\/p>\n\n\n\n<p>Una gr\u00faa particular le cobra 5 mil pesos por retirar la estructura; sin embargo, carece de recursos econ\u00f3micos para cubrir dicho servicio.<br \/><\/p>\n\n\n\n<p>Por tal motivo, pidi\u00f3 la intervenci\u00f3n del presidente municipal Hip\u00f3lito Rodr\u00edguez Herrero, para que la estructura sea retirada.<\/p>\n\n\n\n<p>\u201cLa se\u00f1ora no tiene dinero, aqu\u00ed est\u00e1n las pruebas, c\u00f3mo qued\u00f3 la l\u00e1mina tirada por el techo\u201d, comentaron.<\/p>\n\n\n\n<p>La se\u00f1ora afectada, quien solicit\u00f3 el anonimato, mostr\u00f3 fotograf\u00edas de los da\u00f1os ocasionados a su casa.<\/p>\n\n\n\n<p>Adem\u00e1s, los quejosos bloquearon la arteria vehicular solo durante diez minutos. <\/p>\n\n\n\n<p><\/p>\n","protected":false},"excerpt":{"rendered":"<p>Juan Arcos Xalapa, Ver.- Vecinos de la colonia Rafael Lucio de esta ciudad denunciaron que un techo cay\u00f3 sobre una vivienda y que personal de Protecci\u00f3n Civil municipal se neg\u00f3 a retirarlo. Los quejosos bloquearon la calle Juan de la Luz Enr\u00edquez, frente al Palacio Municipal, para exigir que sea atendido el problema. La casa [&hellip;]<\/p>\n","protected":false},"author":1,"featured_media":189,"comment_status":"open","ping_status":"open","sticky":false,"template":"","format":"standard","meta":{"_jetpack_memberships_contains_paid_content":false,"footnotes":""},"categories":[3],"tags":[],"class_list":["post-191","post","type-post","status-publish","format-standard","has-post-thumbnail","hentry","category-xalapa"],"jetpack_featured_media_url":"https:\/\/encuentroinformativo.com.mx\/wp-content\/uploads\/2020\/02\/img_7775.jpg","jetpack_sharing_enabled":true,"jetpack_likes_enabled":true,"amp_enabled":true,"_links":{"self":[{"href":"https:\/\/encuentroinformativo.com.mx\/index.php?rest_route=\/wp\/v2\/posts\/191","targetHints":{"allow":["GET"]}}],"collection":[{"href":"https:\/\/encuentroinformativo.com.mx\/index.php?rest_route=\/wp\/v2\/posts"}],"about":[{"href":"https:\/\/encuentroinformativo.com.mx\/index.php?rest_route=\/wp\/v2\/types\/post"}],"author":[{"embeddable":true,"href":"https:\/\/encuentroinformativo.com.mx\/index.php?rest_route=\/wp\/v2\/users\/1"}],"replies":[{"embeddable":true,"href":"https:\/\/encuentroinformativo.com.mx\/index.php?rest_route=%2Fwp%2Fv2%2Fcomments&post=191"}],"version-history":[{"count":0,"href":"https:\/\/encuentroinformativo.com.mx\/index.php?rest_route=\/wp\/v2\/posts\/191\/revisions"}],"wp:featuredmedia":[{"embeddable":true,"href":"https:\/\/encuentroinformativo.com.mx\/index.php?rest_route=\/wp\/v2\/media\/189"}],"wp:attachment":[{"href":"https:\/\/encuentroinformativo.com.mx\/index.php?rest_route=%2Fwp%2Fv2%2Fmedia&parent=191"}],"wp:term":[{"taxonomy":"category","embeddable":true,"href":"https:\/\/encuentroinformativo.com.mx\/index.php?rest_route=%2Fwp%2Fv2%2Fcategories&post=191"},{"taxonomy":"post_tag","embeddable":true,"href":"https:\/\/encuentroinformativo.com.mx\/index.php?rest_route=%2Fwp%2Fv2%2Ftags&post=191"}],"curies":[{"name":"wp","href":"https:\/\/api.w.org\/{rel}","templated":true}]}}