{"id":19103,"date":"2021-10-06T15:23:16","date_gmt":"2021-10-06T20:23:16","guid":{"rendered":"https:\/\/encuentroinformativo.com.mx\/?p=19103"},"modified":"2021-10-06T15:23:19","modified_gmt":"2021-10-06T20:23:19","slug":"por-covid-siguen-prohibidas-fiestas-religiosas-afirman-autoridades","status":"publish","type":"post","link":"https:\/\/encuentroinformativo.com.mx\/?p=19103","title":{"rendered":"Por Covid; siguen prohibidas fiestas religiosas, afirman autoridades"},"content":{"rendered":"\n<p><strong>Dar\u00edo Pale <\/strong><\/p>\n\n\n\n<p>Xalapa, Ver.- El Director de Asuntos Religiosos de la Secretar\u00eda de Gobierno Sergio Ulises Montes Guzm\u00e1n dio a conocer que hasta el momento contin\u00faan suspendidas las fiestas religiosas en las diferentes iglesias del estado.<\/p>\n\n\n\n<p>Entrevistado en las calles del centro de Xalapa se\u00f1al\u00f3 que contin\u00faan con las mismas restricciones para las fiestas patronales, ya que el gobernador del estado Cuitl\u00e1huac Garc\u00eda hizo un exhorto para que se cancelen dichos festejos.<\/p>\n\n\n\n<p>Coment\u00f3 que se tiene que valorar la evoluci\u00f3n de la pandemia en octubre y noviembre para ver c\u00f3mo se proceder\u00e1 en las fiestas Guadalupanas o en las del 8 de de diciembre que son los festejos patronales en Xalapa.<\/p>\n\n\n\n<p>Para las festividades de San Rafael Gu\u00edzar y Valencia coment\u00f3 que no han visto nada pero posiblemente hagan lo mismo que el a\u00f1o pasado donde realizaron algunas actividades de manera muy cerrada, as\u00ed como se hizo con a las festividades de San Judas Tadeo ya que tiene muchos fieles.<\/p>\n\n\n\n<p>Dio a conocer que en el Santuario de San Judas Tadeo se desbordaron los j\u00f3venes el a\u00f1o pasado por el fervor de los mismos.<\/p>\n\n\n\n<p>Record\u00f3 que la recomendaci\u00f3n es que hay que seguir cuid\u00e1ndonos ya que actualmente se est\u00e1 en un descenso muy importante y eso se debe de consolidar para no caer en una cuarta ola de contagio.<\/p>\n\n\n\n<p>Finalmente se\u00f1al\u00f3 que en lo que respecta a las fiestas Guadalupanas ya los convoc\u00f3 el p\u00e1rroco del dique para ver c\u00f3mo operar\u00e1n las diferentes autoridades para ese d\u00eda, en lo que respecta a San Rafael Gu\u00edzar y Valencia a\u00fan no hay pl\u00e1ticas.\u00a0<\/p>\n","protected":false},"excerpt":{"rendered":"<p>Dar\u00edo Pale Xalapa, Ver.- El Director de Asuntos Religiosos de la Secretar\u00eda de Gobierno Sergio Ulises Montes Guzm\u00e1n dio a conocer que hasta el momento contin\u00faan suspendidas las fiestas religiosas en las diferentes iglesias del estado. Entrevistado en las calles del centro de Xalapa se\u00f1al\u00f3 que contin\u00faan con las mismas restricciones para las fiestas patronales, [&hellip;]<\/p>\n","protected":false},"author":1,"featured_media":19104,"comment_status":"open","ping_status":"open","sticky":false,"template":"","format":"standard","meta":{"_jetpack_memberships_contains_paid_content":false,"footnotes":""},"categories":[2],"tags":[],"class_list":["post-19103","post","type-post","status-publish","format-standard","has-post-thumbnail","hentry","category-estado"],"jetpack_featured_media_url":"https:\/\/encuentroinformativo.com.mx\/wp-content\/uploads\/2021\/10\/D6B72C2D-1061-41DE-BEA2-E1DD215FDE54.jpeg","jetpack_sharing_enabled":true,"jetpack_likes_enabled":true,"amp_enabled":true,"_links":{"self":[{"href":"https:\/\/encuentroinformativo.com.mx\/index.php?rest_route=\/wp\/v2\/posts\/19103","targetHints":{"allow":["GET"]}}],"collection":[{"href":"https:\/\/encuentroinformativo.com.mx\/index.php?rest_route=\/wp\/v2\/posts"}],"about":[{"href":"https:\/\/encuentroinformativo.com.mx\/index.php?rest_route=\/wp\/v2\/types\/post"}],"author":[{"embeddable":true,"href":"https:\/\/encuentroinformativo.com.mx\/index.php?rest_route=\/wp\/v2\/users\/1"}],"replies":[{"embeddable":true,"href":"https:\/\/encuentroinformativo.com.mx\/index.php?rest_route=%2Fwp%2Fv2%2Fcomments&post=19103"}],"version-history":[{"count":1,"href":"https:\/\/encuentroinformativo.com.mx\/index.php?rest_route=\/wp\/v2\/posts\/19103\/revisions"}],"predecessor-version":[{"id":19105,"href":"https:\/\/encuentroinformativo.com.mx\/index.php?rest_route=\/wp\/v2\/posts\/19103\/revisions\/19105"}],"wp:featuredmedia":[{"embeddable":true,"href":"https:\/\/encuentroinformativo.com.mx\/index.php?rest_route=\/wp\/v2\/media\/19104"}],"wp:attachment":[{"href":"https:\/\/encuentroinformativo.com.mx\/index.php?rest_route=%2Fwp%2Fv2%2Fmedia&parent=19103"}],"wp:term":[{"taxonomy":"category","embeddable":true,"href":"https:\/\/encuentroinformativo.com.mx\/index.php?rest_route=%2Fwp%2Fv2%2Fcategories&post=19103"},{"taxonomy":"post_tag","embeddable":true,"href":"https:\/\/encuentroinformativo.com.mx\/index.php?rest_route=%2Fwp%2Fv2%2Ftags&post=19103"}],"curies":[{"name":"wp","href":"https:\/\/api.w.org\/{rel}","templated":true}]}}