{"id":19109,"date":"2021-10-07T09:38:16","date_gmt":"2021-10-07T14:38:16","guid":{"rendered":"https:\/\/encuentroinformativo.com.mx\/?p=19109"},"modified":"2021-10-07T09:38:20","modified_gmt":"2021-10-07T14:38:20","slug":"pepe-amlo-y-la-reforma-energetica","status":"publish","type":"post","link":"https:\/\/encuentroinformativo.com.mx\/?p=19109","title":{"rendered":"Pepe, AMLO y la Reforma Energ\u00e9tica"},"content":{"rendered":"\n<p><strong>Los Pol\u00edticos<\/strong><\/p>\n\n\n\n<p><strong>Salvador Mu\u00f1oz<\/strong><\/p>\n\n\n\n<p>Creo que al igual que millones de mexicanos, mi preocupaci\u00f3n con respecto a la \u201cluz\u201d se concentra en t\u00e9rminos muy simples: que cuando active&nbsp; mi interruptor, se ilumine mi l\u00e1mpara, prenda mi compu o funcione desde el microondas o hasta la chispita que hace que las parrillas de la estufa tengan flama\u2026 \u00a1ah! y por supuesto, esperar que el recibo que llega cada dos meses, no se dispare\u2026<\/p>\n\n\n\n<p>Los simples mortales entendemos desde dos \u00e1ngulos las pretensiones del Pejedente con su Reforma El\u00e9ctrica o Contrarreforma:<\/p>\n\n\n\n<p>Por un lado, los seguidores de AMLO asumen que dejar el control total de la energ\u00eda producida en M\u00e9xico en manos de la CFE conllevar\u00eda a que los paisanos vean en sus recibos, cobros m\u00e1s baratos.<\/p>\n\n\n\n<p>Agreguen la insistencia de un nacionalismo torcido para que la explotaci\u00f3n de ciertos recursos, quede en manos de los mexicanos, enarbolando para ello las figuras de C\u00e1rdenas (Que no Cuauht\u00e9moc, pero s\u00ed su padre) y L\u00f3pez (que no Obrador, pero s\u00ed Mateos, pero a como pintan las cosas, va que vuela para De Santa Anna).<\/p>\n\n\n\n<p>Por otro lado, hay quien considera que la iniciativa de reforma constitucional en materia el\u00e9ctrica, cancela la competencia en perjuicio del usuario, genera incertidumbre al suprimir reguladores y contratos previos, as\u00ed como compromete las finanzas p\u00fablicas y la inversi\u00f3n en el sector: Esto lo dice realmente Pepe Yunes Zorrilla. En palabras m\u00e1s simples: es mala la iniciativa del Presidente.<\/p>\n\n\n\n<p>Quiz\u00e1s para muchos ciudadanos allende Veracruz, el nombre de Pepe Yunes Zorrilla no diga mucho, pero para los veracruzanos, con tres dedos de frente, del partido que sean, implica una gran carga de honestidad, lo que en lo particular, la posici\u00f3n que guarda el diputado federal me lleva a decir que creo m\u00e1s en la palabra del perote\u00f1o que del tabasque\u00f1o\u2026<\/p>\n\n\n\n<p>V\u00e9alo desde otro \u00e1ngulo\u2026 del pol\u00edtico. Tampoco le entiendo mucho, pero s\u00ed percibo una especie de manita de puerco del Pejedente a Alejandro Moreno, Alito, para que apoye su iniciativa el\u00e9ctrica y deje el camino del salinismo y opte por la ruta del Cardenismo y el Lopismo (el bueno).<\/p>\n\n\n\n<p>Ahora que si fuera perverso, podr\u00eda considerar que la cita del Pejedente sobre el PRI, igual hace que los sectores pol\u00edticos y sociales enfoquen sus bater\u00edas a una posible traici\u00f3n de esa alianza, pacto o unidad que prometieron PAN, el Tricolor y PRD tanto en el pasado proceso electoral como en la conformaci\u00f3n de la actual Legislatura federal, y se distraiga uno de las bondades o maldades de la pretendida contrarreforma.<\/p>\n\n\n\n<p>Como sea, al menos en Veracruz, Pepe Yunes ya dio su posici\u00f3n al respecto; habr\u00e1 que conocer la de Lorena Pi\u00f1\u00f3n, que ya parece m\u00e1s campechana.<\/p>\n\n\n\n<p>Aunque si no estuviera Pepe Yunes opinando al respecto, s\u00f3lo habr\u00eda que imaginar el escenario inmediato si esta iniciativa fuera aprobada: \u00bfen manos de qui\u00e9n estar\u00eda el control total de la energ\u00eda el\u00e9ctrica de M\u00e9xico? \u00a1Exacto! en Manuel Bartlett, quien curiosamente, bajando un Swtich, dio inicio al salinismo, \u00e9se que tanto odia el Pejedente L\u00f3pez.<\/p>\n\n\n\n<p><a>smcainito@gmail.com<\/a><\/p>\n","protected":false},"excerpt":{"rendered":"<p>Los Pol\u00edticos Salvador Mu\u00f1oz Creo que al igual que millones de mexicanos, mi preocupaci\u00f3n con respecto a la \u201cluz\u201d se concentra en t\u00e9rminos muy simples: que cuando active&nbsp; mi interruptor, se ilumine mi l\u00e1mpara, prenda mi compu o funcione desde el microondas o hasta la chispita que hace que las parrillas de la estufa tengan [&hellip;]<\/p>\n","protected":false},"author":1,"featured_media":387,"comment_status":"open","ping_status":"open","sticky":false,"template":"","format":"standard","meta":{"_jetpack_memberships_contains_paid_content":false,"footnotes":""},"categories":[11],"tags":[],"class_list":["post-19109","post","type-post","status-publish","format-standard","has-post-thumbnail","hentry","category-opinion"],"jetpack_featured_media_url":"https:\/\/encuentroinformativo.com.mx\/wp-content\/uploads\/2020\/03\/7CF8A22B-2764-47BE-8F7F-38FE9E5D6A2F.jpeg","jetpack_sharing_enabled":true,"jetpack_likes_enabled":true,"amp_enabled":true,"_links":{"self":[{"href":"https:\/\/encuentroinformativo.com.mx\/index.php?rest_route=\/wp\/v2\/posts\/19109","targetHints":{"allow":["GET"]}}],"collection":[{"href":"https:\/\/encuentroinformativo.com.mx\/index.php?rest_route=\/wp\/v2\/posts"}],"about":[{"href":"https:\/\/encuentroinformativo.com.mx\/index.php?rest_route=\/wp\/v2\/types\/post"}],"author":[{"embeddable":true,"href":"https:\/\/encuentroinformativo.com.mx\/index.php?rest_route=\/wp\/v2\/users\/1"}],"replies":[{"embeddable":true,"href":"https:\/\/encuentroinformativo.com.mx\/index.php?rest_route=%2Fwp%2Fv2%2Fcomments&post=19109"}],"version-history":[{"count":1,"href":"https:\/\/encuentroinformativo.com.mx\/index.php?rest_route=\/wp\/v2\/posts\/19109\/revisions"}],"predecessor-version":[{"id":19110,"href":"https:\/\/encuentroinformativo.com.mx\/index.php?rest_route=\/wp\/v2\/posts\/19109\/revisions\/19110"}],"wp:featuredmedia":[{"embeddable":true,"href":"https:\/\/encuentroinformativo.com.mx\/index.php?rest_route=\/wp\/v2\/media\/387"}],"wp:attachment":[{"href":"https:\/\/encuentroinformativo.com.mx\/index.php?rest_route=%2Fwp%2Fv2%2Fmedia&parent=19109"}],"wp:term":[{"taxonomy":"category","embeddable":true,"href":"https:\/\/encuentroinformativo.com.mx\/index.php?rest_route=%2Fwp%2Fv2%2Fcategories&post=19109"},{"taxonomy":"post_tag","embeddable":true,"href":"https:\/\/encuentroinformativo.com.mx\/index.php?rest_route=%2Fwp%2Fv2%2Ftags&post=19109"}],"curies":[{"name":"wp","href":"https:\/\/api.w.org\/{rel}","templated":true}]}}