{"id":19111,"date":"2021-10-07T11:26:57","date_gmt":"2021-10-07T16:26:57","guid":{"rendered":"https:\/\/encuentroinformativo.com.mx\/?p=19111"},"modified":"2021-10-07T11:27:01","modified_gmt":"2021-10-07T16:27:01","slug":"sev-se-niega-a-pagar-laudos-reclaman-maestras","status":"publish","type":"post","link":"https:\/\/encuentroinformativo.com.mx\/?p=19111","title":{"rendered":"SEV se niega a pagar laudos, reclaman maestras"},"content":{"rendered":"\n<p><strong>Dar\u00edo Pale <\/strong><\/p>\n\n\n\n<p>Xalapa, Ver.- La maestra Karen Blanco Alc\u00e1zar y Maribel Ledo acompa\u00f1adas de otras docentes dieron a conocer que 18 trabajadoras y trabajadores administrativos de la Secretar\u00eda de Educaci\u00f3n de Veracruz (SEV), que en 2010 ganaron un laudo, tras ser despedidos de manera injustificada, pero la dependencia se niega a pagarles.<\/p>\n\n\n\n<p>En conferencia de prensa realizada en conocido caf\u00e9 del centro de Xalapa, presumen contubernio entre el Tribunal de Conciliaci\u00f3n y Arbitraje (TECA) y la oficial mayor, Ariadna Selene Aguilar Amaya, porque no les quieren pagar a pesar de una veintena de requerimientos.<\/p>\n\n\n\n<p>Se\u00f1alaron que al emitir su fallo el TECA, lograron que dentro de los laudos les hicieran v\u00e1lidas prestaciones de ley y una plaza con antig\u00fcedad de 21 a\u00f1os de servicio, ello ocurri\u00f3 en el 2019, es decir, han seguido trabajando y devengando un salario, pero est\u00e1n en espera de los salarios ca\u00eddos, as\u00ed como de los respectivos quinquenios.<\/p>\n\n\n\n<p>Karen Blanco Alc\u00e1zar, revel\u00f3 que incluso el Tribunal gir\u00f3 una orden de presentaci\u00f3n a la Oficial Mayor, Ariadna Selene Aguilar Amaya, tras la negativa de querer pagarles y criticaron la actuaci\u00f3n del \u00f3rgano colegiado, porque ya suman hasta 20 requerimientos y no les pagan.<\/p>\n\n\n\n<p>Puntualiz\u00f3 que el laudo asciende a los tres millones de pesos para las 18 personas demandantes, pero debido al monto la dependencia hab\u00eda acordado que les pagar\u00edan no por partes, sino a grupos de cinco.<\/p>\n\n\n\n<p>Sin embargo, hasta la fecha no se ha resuelto el asunto, por lo que solicitaron la intervenci\u00f3n del Gobernador.<\/p>\n\n\n\n<p>Los trabajadores est\u00e1n afiliados a diversos organismos sindicales, pero no han intentado resolver la problem\u00e1tica a trav\u00e9s de \u00e9stos, sino por la v\u00eda jur\u00eddica.<\/p>\n\n\n\n<p>Expusieron que la preocupaci\u00f3n de todos es que no les paguen lo que les deben y puedan tener alguna situaci\u00f3n grave como en el caso de uno de sus compa\u00f1eros que ya falleci\u00f3.<br>Finalmente dieron a conocer que, &#8220;est\u00e1n esperando que vayamos falleciendo uno por uno para que salga esto&#8221;.<\/p>\n","protected":false},"excerpt":{"rendered":"<p>Dar\u00edo Pale Xalapa, Ver.- La maestra Karen Blanco Alc\u00e1zar y Maribel Ledo acompa\u00f1adas de otras docentes dieron a conocer que 18 trabajadoras y trabajadores administrativos de la Secretar\u00eda de Educaci\u00f3n de Veracruz (SEV), que en 2010 ganaron un laudo, tras ser despedidos de manera injustificada, pero la dependencia se niega a pagarles. En conferencia de [&hellip;]<\/p>\n","protected":false},"author":1,"featured_media":19112,"comment_status":"open","ping_status":"open","sticky":false,"template":"","format":"standard","meta":{"_jetpack_memberships_contains_paid_content":false,"footnotes":""},"categories":[3],"tags":[],"class_list":["post-19111","post","type-post","status-publish","format-standard","has-post-thumbnail","hentry","category-xalapa"],"jetpack_featured_media_url":"https:\/\/encuentroinformativo.com.mx\/wp-content\/uploads\/2021\/10\/72DA9E22-1B5A-4AFD-AB05-40858B87C4FA.jpeg","jetpack_sharing_enabled":true,"jetpack_likes_enabled":true,"amp_enabled":true,"_links":{"self":[{"href":"https:\/\/encuentroinformativo.com.mx\/index.php?rest_route=\/wp\/v2\/posts\/19111","targetHints":{"allow":["GET"]}}],"collection":[{"href":"https:\/\/encuentroinformativo.com.mx\/index.php?rest_route=\/wp\/v2\/posts"}],"about":[{"href":"https:\/\/encuentroinformativo.com.mx\/index.php?rest_route=\/wp\/v2\/types\/post"}],"author":[{"embeddable":true,"href":"https:\/\/encuentroinformativo.com.mx\/index.php?rest_route=\/wp\/v2\/users\/1"}],"replies":[{"embeddable":true,"href":"https:\/\/encuentroinformativo.com.mx\/index.php?rest_route=%2Fwp%2Fv2%2Fcomments&post=19111"}],"version-history":[{"count":1,"href":"https:\/\/encuentroinformativo.com.mx\/index.php?rest_route=\/wp\/v2\/posts\/19111\/revisions"}],"predecessor-version":[{"id":19113,"href":"https:\/\/encuentroinformativo.com.mx\/index.php?rest_route=\/wp\/v2\/posts\/19111\/revisions\/19113"}],"wp:featuredmedia":[{"embeddable":true,"href":"https:\/\/encuentroinformativo.com.mx\/index.php?rest_route=\/wp\/v2\/media\/19112"}],"wp:attachment":[{"href":"https:\/\/encuentroinformativo.com.mx\/index.php?rest_route=%2Fwp%2Fv2%2Fmedia&parent=19111"}],"wp:term":[{"taxonomy":"category","embeddable":true,"href":"https:\/\/encuentroinformativo.com.mx\/index.php?rest_route=%2Fwp%2Fv2%2Fcategories&post=19111"},{"taxonomy":"post_tag","embeddable":true,"href":"https:\/\/encuentroinformativo.com.mx\/index.php?rest_route=%2Fwp%2Fv2%2Ftags&post=19111"}],"curies":[{"name":"wp","href":"https:\/\/api.w.org\/{rel}","templated":true}]}}