{"id":19137,"date":"2021-10-07T17:11:49","date_gmt":"2021-10-07T22:11:49","guid":{"rendered":"https:\/\/encuentroinformativo.com.mx\/?p=19137"},"modified":"2021-10-07T17:11:52","modified_gmt":"2021-10-07T22:11:52","slug":"contribuira-pc-municipal-a-resguardo-de-personas-indigentes","status":"publish","type":"post","link":"https:\/\/encuentroinformativo.com.mx\/?p=19137","title":{"rendered":"Contribuir\u00e1 PC municipal a resguardo de personas indigentes"},"content":{"rendered":"\n<p><strong>Dar\u00edo Pale<\/strong><\/p>\n\n\n\n<p>Xalapa, Ver.- El Director de Protecci\u00f3n Civil Municipal Jos\u00e9 de Jes\u00fas Vargas Hern\u00e1ndez dio a conocer que la dependencia a su cargo hizo un convenio con seis grupos de doble &#8220;A&#8221; \u00a0para que resguarden a indigentes con alcoholismo que pernoctan en la v\u00eda p\u00fablica.<\/p>\n\n\n\n<p>Entrevistado en sus instalaciones se\u00f1al\u00f3 que las personas ingresadas temporalmente son revisadas previamente por m\u00e9dicos y trabajadores sociales del Ayuntamiento para garantizar el respeto a sus derechos y no son a obligados.<\/p>\n\n\n\n<p>\u201cHay personas que padecen de este tipo de circunstancia, la mayor\u00eda son enfermos, alcoh\u00f3licos que padecen lo que viven en la calle. Tenemos contacto con los grupos que los suelen recibir, con algunos tenemos convenios, les proporcionamos los insumos para que ellos sean atendidos en ese lugar. Grupos de doble A, los atienden, nosotros les damos los insumos y esto no significa que se queden, si no que pernoctan nada m\u00e1s en ese lugar y al otro d\u00eda les dan salida\u201d, coment\u00f3.<\/p>\n\n\n\n<p>Actualmente esta \u00e1rea hace recorridos los fines de semana para atender a la poblaci\u00f3n en situaci\u00f3n de calle y adem\u00e1s atienden a quienes pernoctan en hospitales de la ciudad.<\/p>\n\n\n\n<p>\u201cEn cuanto empiece a afectar con mayor intensidad vamos a entregar cobertores en esas zonas, despensas y aunado a eso empezamos con los operativos en las noches que com\u00fanmente hacemos tambi\u00e9n para ver personas en situaci\u00f3n de calle, invitarlos a los albergues&#8221;, se\u00f1al\u00f3.<\/p>\n\n\n\n<p>Finalmente coment\u00f3 que el pron\u00f3stico meteorol\u00f3gico contempla 56 frentes fr\u00edos para la actual temporada, y ser\u00e1 a partir de noviembre y hasta enero que se registre el mayor descenso \u00a0de la temperatura.<\/p>\n","protected":false},"excerpt":{"rendered":"<p>Dar\u00edo Pale Xalapa, Ver.- El Director de Protecci\u00f3n Civil Municipal Jos\u00e9 de Jes\u00fas Vargas Hern\u00e1ndez dio a conocer que la dependencia a su cargo hizo un convenio con seis grupos de doble &#8220;A&#8221; \u00a0para que resguarden a indigentes con alcoholismo que pernoctan en la v\u00eda p\u00fablica. Entrevistado en sus instalaciones se\u00f1al\u00f3 que las personas ingresadas [&hellip;]<\/p>\n","protected":false},"author":1,"featured_media":19138,"comment_status":"open","ping_status":"open","sticky":false,"template":"","format":"standard","meta":{"_jetpack_memberships_contains_paid_content":false,"footnotes":""},"categories":[3],"tags":[],"class_list":["post-19137","post","type-post","status-publish","format-standard","has-post-thumbnail","hentry","category-xalapa"],"jetpack_featured_media_url":"https:\/\/encuentroinformativo.com.mx\/wp-content\/uploads\/2021\/10\/CD23A5A5-5BC8-4FE3-9C53-A7148312DF15.jpeg","jetpack_sharing_enabled":true,"jetpack_likes_enabled":true,"amp_enabled":true,"_links":{"self":[{"href":"https:\/\/encuentroinformativo.com.mx\/index.php?rest_route=\/wp\/v2\/posts\/19137","targetHints":{"allow":["GET"]}}],"collection":[{"href":"https:\/\/encuentroinformativo.com.mx\/index.php?rest_route=\/wp\/v2\/posts"}],"about":[{"href":"https:\/\/encuentroinformativo.com.mx\/index.php?rest_route=\/wp\/v2\/types\/post"}],"author":[{"embeddable":true,"href":"https:\/\/encuentroinformativo.com.mx\/index.php?rest_route=\/wp\/v2\/users\/1"}],"replies":[{"embeddable":true,"href":"https:\/\/encuentroinformativo.com.mx\/index.php?rest_route=%2Fwp%2Fv2%2Fcomments&post=19137"}],"version-history":[{"count":1,"href":"https:\/\/encuentroinformativo.com.mx\/index.php?rest_route=\/wp\/v2\/posts\/19137\/revisions"}],"predecessor-version":[{"id":19139,"href":"https:\/\/encuentroinformativo.com.mx\/index.php?rest_route=\/wp\/v2\/posts\/19137\/revisions\/19139"}],"wp:featuredmedia":[{"embeddable":true,"href":"https:\/\/encuentroinformativo.com.mx\/index.php?rest_route=\/wp\/v2\/media\/19138"}],"wp:attachment":[{"href":"https:\/\/encuentroinformativo.com.mx\/index.php?rest_route=%2Fwp%2Fv2%2Fmedia&parent=19137"}],"wp:term":[{"taxonomy":"category","embeddable":true,"href":"https:\/\/encuentroinformativo.com.mx\/index.php?rest_route=%2Fwp%2Fv2%2Fcategories&post=19137"},{"taxonomy":"post_tag","embeddable":true,"href":"https:\/\/encuentroinformativo.com.mx\/index.php?rest_route=%2Fwp%2Fv2%2Ftags&post=19137"}],"curies":[{"name":"wp","href":"https:\/\/api.w.org\/{rel}","templated":true}]}}