{"id":19149,"date":"2021-10-08T09:32:48","date_gmt":"2021-10-08T14:32:48","guid":{"rendered":"https:\/\/encuentroinformativo.com.mx\/?p=19149"},"modified":"2021-10-08T09:32:51","modified_gmt":"2021-10-08T14:32:51","slug":"deberia-empezar-por-minatitlan-si-tantas-ganas-tiene-de-servir","status":"publish","type":"post","link":"https:\/\/encuentroinformativo.com.mx\/?p=19149","title":{"rendered":"DEBER\u00cdA EMPEZAR POR MINATITL\u00c1N, SI TANTAS GANAS TIENE DE SERVIR"},"content":{"rendered":"\n<p><strong>ColumnaSinNombre<br>@pablojair<\/strong><\/p>\n\n\n\n<ul class=\"wp-block-list\"><li>Mensaje de Marlon Ram\u00edrez con dedicatoria.<\/li><li>Le niegan protecci\u00f3n a Verduritas y su pandilla.<\/li><li>Rafa P\u00e9rez Cardenas, a la Sedatu en Veracruz.<\/li><\/ul>\n\n\n\n<p>Y pos ya lo dijo el que manda y dispone: no se va X\u00f3chitl<br>\u2014Chopenjawer<\/p>\n\n\n\n<p>Es muy f\u00e1cil usar cargos p\u00fablicos que tienen muchos reflectores (por la relevancia que tienen en el escenario pol\u00edtico) para hacer creer una influencia o presencia, a\u00fan cuando en los hechos s\u00f3lo sean personajes medi\u00e1ticamente inflados.<\/p>\n\n\n\n<p>Mire, la vanidad es el pecado favorito del diablo: \u00bfa qui\u00e9n no le gusta verse por todos lados y m\u00e1s si lo andan candidateando a un cargo &#8220;mamal\u00f3n&#8221;?<\/p>\n\n\n\n<p>Sergio Guti\u00e9rrez Luna tendr\u00eda todo para una exitosa carrera pol\u00edtica: es joven y h\u00e1bilmente se ha colocado en puestos claves. Se puede decir que, hasta ahorita, est\u00e1 en la c\u00faspide de su trayectoria y tiene todo el tiempo del mundo para ascender.<\/p>\n\n\n\n<p>Claro que puede ser alguien en el futuro con una brillante carrera pol\u00edtica. Le ayuda mucho la juventud que tiene, aunque quiz\u00e1s tambi\u00e9n le est\u00e1 perjudicando el \u00edmpetu.<\/p>\n\n\n\n<p>Por su juventud quiz\u00e1s tampoco se ha puesto a leer los tiempos y las circunstancias que hay en Veracruz. La soberbia es mala consejera y una cualidad del buen pol\u00edtico es no dejarse llevar por el canto de las sirenas. Un ejemplo reciente de esto fue Alejandro Rojas D\u00edaz Dur\u00e1n, aspirante a la dirigencia nacional de Morena, quien hac\u00eda mucha gira en el estado, mucha entrevista, pero al final termin\u00f3 siendo de esas personas que la p\u00f3lvora no les explota.<\/p>\n\n\n\n<p>A Sergio, por ejemplo, no se le vio caminando en recientes a\u00f1os por Veracruz como para querer plantar su bandera una vez que ya est\u00e1 instalado Morena en la entidad.<\/p>\n\n\n\n<p>Est\u00e1 como el que llega a una casa sin permiso, sin respetar al anfitri\u00f3n, mueve los muebles y de paso se sirve pastel, comida y refresco, pone la m\u00fasica que quiere y todav\u00eda pide para llevar.<\/p>\n\n\n\n<p>Mire, si realmente le urge, se le queman las habas por servir, creo que Sergio Guti\u00e9rrez bien podr\u00eda empezar por la alcald\u00eda de Minatitl\u00e1n, el pueblo del que dice enorgullecerse (aunque nunca hizo carrera en dicho lugar); de hecho, el diputado deber\u00eda primero comenzar por ganar puestos de elecci\u00f3n popular y no estar navegando entre las plurinominales y cargos que se otorgan a los muy cercanos, \u00edntimos, de la c\u00fapula morenista nacional sin pasar por las urnas.<\/p>\n\n\n\n<p>Siendo alcalde de Minatitl\u00e1n, bien podr\u00eda demostrar de qu\u00e9 est\u00e1 hecho y qu\u00e9 capacidad tiene para administrar una ciudad m\u00e1s all\u00e1 de la simple grilla de caf\u00e9 y para la foto.<\/p>\n\n\n\n<p>Minatitl\u00e1n, en ese sentido, s\u00ed es un gran reto: una ciudad desmadrada por a\u00f1os debido a malos gobiernos, saqueada por todos lados, rezagada en varios rubros.<\/p>\n\n\n\n<p>Y Sergio quiz\u00e1s tiene la oportunidad de oro en Minatitl\u00e1n ahora que est\u00e1 arropado por cientos de pri\u00edstas y sus l\u00edderes que lo fueron a saludar a un evento en el casino petrolero el pasado fin de semana. Por ejemplo, ah\u00ed se vieron a exalcaldes y hasta la esposa del l\u00edder sindical Jorge Wade Gonz\u00e1lez, tom\u00e1ndose la foto con \u00e9l. Seguramente al joven Guti\u00e9rrez le ven futuro y espolones para sacar del atraso a Minatitl\u00e1n.<\/p>\n\n\n\n<p>Y as\u00ed, antes de pensar en la grande, tiene la oportunidad m\u00e1s asegurada en una chiquita.<\/p>\n\n\n\n<p>Es curioso: hasta el mismo legislador sabe cu\u00e1l es el real proyecto para Veracruz en 2024, pero antes de actuar con cautela prefiri\u00f3 desbocarse y seguirse desbocando.<\/p>\n\n\n\n<p>S\u00ed, el cargo que actualmente tiene da para esos reflectores\u2026 pero ser\u00e1 s\u00f3lo por un a\u00f1o. Para las aspiraciones futuras todav\u00eda hay un buen tramo por recorrer.<\/p>\n\n\n\n<p>As\u00ed que eso de \u201ccaballo negro\u201d pues parece que s\u00f3lo tiene el color, por aquello de que le gusta usar chamarras de piel con esa tonalidad.<\/p>\n\n\n\n<p><strong>NOTA PARA PEGAR EN EL REFRI: <\/strong>Lo dijo el presidente del Comit\u00e9 Directivo Estatal del PRI en Veracruz, Marlon Ram\u00edrez Mar\u00edn, en reuni\u00f3n virtual de trabajo rumbo a la XXIII Asamblea Nacional de dicho partido: \u201cen el PRI de Veracruz, entendemos los tiempos y momentos pol\u00edticos de nuestro pa\u00eds, y los atendemos con trabajo, responsabilidad y honestidad, impulsando la organizaci\u00f3n de esta XXIII Asamblea Nacional, convocada por el CEN del PRI, para que las voces que hoy le expresan a la sociedad sus ideas, lo hagan en el espacio propicio y jer\u00e1rquico para deliberar sobre el partido, y as\u00ed, incidir en la toma de decisiones de nuestro instituto pol\u00edtico, mediante el debate respetuoso, en el que estaremos todos participando en igualdad de circunstancias\u201d\u2026 \u00bfPos a qui\u00e9n le habr\u00e1n mandado el recado?<\/p>\n\n\n\n<p><strong>OTRA NOTA: <\/strong>Lo comenta el portal Versiones: \u201cEl juez segundo de distrito de procesos penales federales, Rafael Gonz\u00e1lez Castillo, determin\u00f3 no amparar ni proteger a Jorge \u201cN\u201d, ex Fiscal General del Estado de Veracruz, Marcos Even \u201cN\u201d, ex Fiscal Anticorrupci\u00f3n de Veracruz ni a Luis Eduardo \u201cN\u201d, ex Fiscal de Personas Desaparecidas, por lo que \u201cse confirma la sentencia sujeta a revisi\u00f3n (\u2026) Ac\u00fasese recibo al \u00f3rgano oficiante; y estese en espera del original del expediente del juicio de amparo 162\/2020, as\u00ed como tres tomos de pruebas y un disco de videograbaci\u00f3n con n\u00famero de folio C17114020\u201d, expuso el juez Gonz\u00e1lez Castillo. Y a\u00f1ade: \u201cde lo que este juzgado toma conocimiento para los efectos legales a que haya lugar\u201d\u2026 Como es sabido, Jorge \u201cN\u201d, Marcos Even \u201cN\u201d y Luis Eduardo \u201cN\u201d, acusados por desaparici\u00f3n forzada de personas y tortura, se encuentran pr\u00f3fugos de la justicia.<\/p>\n\n\n\n<p><strong>LA \u00daLTIMA PORQUE ES VIERNES: <\/strong>El conocido analista pol\u00edtico Rafael P\u00e9rez C\u00e1rdenas es el nuevo representante de la Secretar\u00eda de Desarrollo Agrario, Territorial y Urbano (Sedatu) en la entidad veracruzana desde el pasado 1 de octubre, un \u00e1rea donde ya hab\u00eda laborado y que conoce bien. Enhorabuena.<\/p>\n","protected":false},"excerpt":{"rendered":"<p>ColumnaSinNombre@pablojair Mensaje de Marlon Ram\u00edrez con dedicatoria. Le niegan protecci\u00f3n a Verduritas y su pandilla. Rafa P\u00e9rez Cardenas, a la Sedatu en Veracruz. Y pos ya lo dijo el que manda y dispone: no se va X\u00f3chitl\u2014Chopenjawer Es muy f\u00e1cil usar cargos p\u00fablicos que tienen muchos reflectores (por la relevancia que tienen en el escenario [&hellip;]<\/p>\n","protected":false},"author":1,"featured_media":488,"comment_status":"open","ping_status":"open","sticky":false,"template":"","format":"standard","meta":{"_jetpack_memberships_contains_paid_content":false,"footnotes":""},"categories":[11],"tags":[],"class_list":["post-19149","post","type-post","status-publish","format-standard","has-post-thumbnail","hentry","category-opinion"],"jetpack_featured_media_url":"https:\/\/encuentroinformativo.com.mx\/wp-content\/uploads\/2020\/03\/F471F608-BA1A-416B-BA7B-BCFB24F4E6D0.jpeg","jetpack_sharing_enabled":true,"jetpack_likes_enabled":true,"amp_enabled":true,"_links":{"self":[{"href":"https:\/\/encuentroinformativo.com.mx\/index.php?rest_route=\/wp\/v2\/posts\/19149","targetHints":{"allow":["GET"]}}],"collection":[{"href":"https:\/\/encuentroinformativo.com.mx\/index.php?rest_route=\/wp\/v2\/posts"}],"about":[{"href":"https:\/\/encuentroinformativo.com.mx\/index.php?rest_route=\/wp\/v2\/types\/post"}],"author":[{"embeddable":true,"href":"https:\/\/encuentroinformativo.com.mx\/index.php?rest_route=\/wp\/v2\/users\/1"}],"replies":[{"embeddable":true,"href":"https:\/\/encuentroinformativo.com.mx\/index.php?rest_route=%2Fwp%2Fv2%2Fcomments&post=19149"}],"version-history":[{"count":1,"href":"https:\/\/encuentroinformativo.com.mx\/index.php?rest_route=\/wp\/v2\/posts\/19149\/revisions"}],"predecessor-version":[{"id":19150,"href":"https:\/\/encuentroinformativo.com.mx\/index.php?rest_route=\/wp\/v2\/posts\/19149\/revisions\/19150"}],"wp:featuredmedia":[{"embeddable":true,"href":"https:\/\/encuentroinformativo.com.mx\/index.php?rest_route=\/wp\/v2\/media\/488"}],"wp:attachment":[{"href":"https:\/\/encuentroinformativo.com.mx\/index.php?rest_route=%2Fwp%2Fv2%2Fmedia&parent=19149"}],"wp:term":[{"taxonomy":"category","embeddable":true,"href":"https:\/\/encuentroinformativo.com.mx\/index.php?rest_route=%2Fwp%2Fv2%2Fcategories&post=19149"},{"taxonomy":"post_tag","embeddable":true,"href":"https:\/\/encuentroinformativo.com.mx\/index.php?rest_route=%2Fwp%2Fv2%2Ftags&post=19149"}],"curies":[{"name":"wp","href":"https:\/\/api.w.org\/{rel}","templated":true}]}}