{"id":19151,"date":"2021-10-08T11:23:11","date_gmt":"2021-10-08T16:23:11","guid":{"rendered":"https:\/\/encuentroinformativo.com.mx\/?p=19151"},"modified":"2021-10-08T11:23:14","modified_gmt":"2021-10-08T16:23:14","slug":"culpan-a-policias-por-robo-de-motocicleta-protestan-en-la-plaza","status":"publish","type":"post","link":"https:\/\/encuentroinformativo.com.mx\/?p=19151","title":{"rendered":"Culpan a polic\u00edas por robo de motocicleta, protestan en la Plaza"},"content":{"rendered":"\n<p><strong>Dar\u00edo Pale<\/strong><\/p>\n\n\n\n<p>Xalapa, Ver.- Denuncian p\u00fablicamente al manifestarse en la plaza Lerdo que un grupo de polic\u00edas estatales le robaron la motocicleta la cual es su herramienta de trabajo, as\u00ed lo dio a conocer Jorge Iv\u00e1n Rivera Santamar\u00eda, quien estaba acompa\u00f1ado de su esposa y sus hijos.<\/p>\n\n\n\n<p>Entrevistado durante la manifestaci\u00f3n se\u00f1al\u00f3 que la motocicleta que les fue robada por elementos de la SSP, la utiliza para motoservicios y es con lo que da de comer a su familia, motivo por el cual lo acompa\u00f1aron este d\u00eda a la manifestaci\u00f3n.<\/p>\n\n\n\n<p>Dio a conocer que los hechos sucedieron en la colonia Campo de Tiro, el 21 de julio de este 2021 y durante estos dos meses y medio ha buscado la manera de protegerse ante las acusaciones que asegur\u00f3 son falsas.<\/p>\n\n\n\n<p>\u201cMe amenazan y me llevan a Fiscal\u00eda por veh\u00edculo robado y drogas, pero no es verdad. Me detuvieron con mi motocicleta que es el sustento de mi familia que por eso me acompa\u00f1an. Me la quitan y por poco y me voy a separos y estuve a punto de entrar a Pacho por culpa de ellos\u201d, se\u00f1al\u00f3.<\/p>\n\n\n\n<p>Dijo que para demostrar su inocencia recurri\u00f3 a las instancias como Secretar\u00eda de Seguridad P\u00fablica (SSP), al departamento del cuartel \u201cHeriberto Jara Corona\u201d (San Jos\u00e9), ante la Fiscal\u00eda General del Estado (FGE) y ahora pidi\u00f3 ser escuchado por el gobernador, Cuitl\u00e1huac Garc\u00eda Jim\u00e9nez.<\/p>\n\n\n\n<p>Actualmente est\u00e1 bajo investigaci\u00f3n ya que los elementos de seguridad lo pusieron a disposici\u00f3n por supuestas drogas y veh\u00edculo robado, sin embargo, coment\u00f3 que en el momento de la detenci\u00f3n todo qued\u00f3 videograbado y cuenta con las evidencias que las declaraciones de los polic\u00edas son falsas.<\/p>\n\n\n\n<p>Finalmente Jorge Iv\u00e1n dio a conocer que la detenci\u00f3n ocurri\u00f3, primero porque la moto no ten\u00eda placas \u201cno ten\u00eda porque es nueva y apenas la estaba pagando, la saqu\u00e9 en pagos para el sustento de mi familia\u201d.<\/p>\n\n\n\n<figure class=\"wp-block-image size-large\"><img loading=\"lazy\" decoding=\"async\" width=\"1024\" height=\"752\" src=\"https:\/\/encuentroinformativo.com.mx\/wp-content\/uploads\/2021\/10\/C4C0F6C4-9CF3-476E-94D1-612C2B1F3F99-1024x752.jpeg\" alt=\"\" class=\"wp-image-19153\" srcset=\"https:\/\/encuentroinformativo.com.mx\/wp-content\/uploads\/2021\/10\/C4C0F6C4-9CF3-476E-94D1-612C2B1F3F99-1024x752.jpeg 1024w, https:\/\/encuentroinformativo.com.mx\/wp-content\/uploads\/2021\/10\/C4C0F6C4-9CF3-476E-94D1-612C2B1F3F99-300x220.jpeg 300w, https:\/\/encuentroinformativo.com.mx\/wp-content\/uploads\/2021\/10\/C4C0F6C4-9CF3-476E-94D1-612C2B1F3F99-768x564.jpeg 768w, https:\/\/encuentroinformativo.com.mx\/wp-content\/uploads\/2021\/10\/C4C0F6C4-9CF3-476E-94D1-612C2B1F3F99-420x307.jpeg 420w, https:\/\/encuentroinformativo.com.mx\/wp-content\/uploads\/2021\/10\/C4C0F6C4-9CF3-476E-94D1-612C2B1F3F99.jpeg 1504w\" sizes=\"auto, (max-width: 1024px) 100vw, 1024px\" \/><\/figure>\n","protected":false},"excerpt":{"rendered":"<p>Dar\u00edo Pale Xalapa, Ver.- Denuncian p\u00fablicamente al manifestarse en la plaza Lerdo que un grupo de polic\u00edas estatales le robaron la motocicleta la cual es su herramienta de trabajo, as\u00ed lo dio a conocer Jorge Iv\u00e1n Rivera Santamar\u00eda, quien estaba acompa\u00f1ado de su esposa y sus hijos. Entrevistado durante la manifestaci\u00f3n se\u00f1al\u00f3 que la motocicleta [&hellip;]<\/p>\n","protected":false},"author":1,"featured_media":19152,"comment_status":"open","ping_status":"open","sticky":false,"template":"","format":"standard","meta":{"_jetpack_memberships_contains_paid_content":false,"footnotes":""},"categories":[3],"tags":[],"class_list":["post-19151","post","type-post","status-publish","format-standard","has-post-thumbnail","hentry","category-xalapa"],"jetpack_featured_media_url":"https:\/\/encuentroinformativo.com.mx\/wp-content\/uploads\/2021\/10\/FC3E02C7-A51F-4B82-84D6-B15B0A26A303.jpeg","jetpack_sharing_enabled":true,"jetpack_likes_enabled":true,"amp_enabled":true,"_links":{"self":[{"href":"https:\/\/encuentroinformativo.com.mx\/index.php?rest_route=\/wp\/v2\/posts\/19151","targetHints":{"allow":["GET"]}}],"collection":[{"href":"https:\/\/encuentroinformativo.com.mx\/index.php?rest_route=\/wp\/v2\/posts"}],"about":[{"href":"https:\/\/encuentroinformativo.com.mx\/index.php?rest_route=\/wp\/v2\/types\/post"}],"author":[{"embeddable":true,"href":"https:\/\/encuentroinformativo.com.mx\/index.php?rest_route=\/wp\/v2\/users\/1"}],"replies":[{"embeddable":true,"href":"https:\/\/encuentroinformativo.com.mx\/index.php?rest_route=%2Fwp%2Fv2%2Fcomments&post=19151"}],"version-history":[{"count":1,"href":"https:\/\/encuentroinformativo.com.mx\/index.php?rest_route=\/wp\/v2\/posts\/19151\/revisions"}],"predecessor-version":[{"id":19154,"href":"https:\/\/encuentroinformativo.com.mx\/index.php?rest_route=\/wp\/v2\/posts\/19151\/revisions\/19154"}],"wp:featuredmedia":[{"embeddable":true,"href":"https:\/\/encuentroinformativo.com.mx\/index.php?rest_route=\/wp\/v2\/media\/19152"}],"wp:attachment":[{"href":"https:\/\/encuentroinformativo.com.mx\/index.php?rest_route=%2Fwp%2Fv2%2Fmedia&parent=19151"}],"wp:term":[{"taxonomy":"category","embeddable":true,"href":"https:\/\/encuentroinformativo.com.mx\/index.php?rest_route=%2Fwp%2Fv2%2Fcategories&post=19151"},{"taxonomy":"post_tag","embeddable":true,"href":"https:\/\/encuentroinformativo.com.mx\/index.php?rest_route=%2Fwp%2Fv2%2Ftags&post=19151"}],"curies":[{"name":"wp","href":"https:\/\/api.w.org\/{rel}","templated":true}]}}