{"id":1916,"date":"2020-04-17T12:55:08","date_gmt":"2020-04-17T17:55:08","guid":{"rendered":"https:\/\/encuentroinformativo.com\/?p=1916"},"modified":"2020-04-17T12:55:10","modified_gmt":"2020-04-17T17:55:10","slug":"adultos-mayores-temen-por-su-salud-pensiones-no-alcanzan-senalan","status":"publish","type":"post","link":"https:\/\/encuentroinformativo.com.mx\/?p=1916","title":{"rendered":"Adultos mayores temen por su salud; pensiones no alcanzan, se\u00f1alan"},"content":{"rendered":"\n<p><strong>Juan Arcos <\/strong><\/p>\n\n\n\n<p>Xalapa, Ver.- Do\u00f1a Rita S\u00e1nchez Maldonado teme que su salud empeore por un posible contagio de coronavirus.<\/p>\n\n\n\n<p>Tiene m\u00e1s de 60 a\u00f1os y padece enfermedades cr\u00f3nicas degenerativas.\u00a0La pensi\u00f3n que le otorga el Instituto de Seguridad y Servicios Sociales de los Trabajadores del Estado (ISSSTE) por viudez, no le alcanza para cubrir sus necesidades.<\/p>\n\n\n\n<p>Est\u00e1 muy preocupada por la pandemia de COVID-19, que decret\u00f3 la Organizaci\u00f3n Mundial de la Salud (OMS).<\/p>\n\n\n\n<p>\u201cSoy una se\u00f1ora de edad adulta, de m\u00e1s de 60 a\u00f1os y con algunas enfermedades cr\u00f3nicas no graves, debido a la crisis actual por la pandemia del coronavirus me preocupa mucho mi salud\u201d, expresa.<\/p>\n\n\n\n<p>La se\u00f1ora sabe que el panorama podr\u00eda ser mucho peor para adultos mayores y personas que padecen enfermedades respiratorias y cr\u00f3nico degenerativas.<\/p>\n\n\n\n<p>\u201cTengo temor por las consecuencias que este mal va ocasionando porque aparte de ser una epidemia biol\u00f3gica conlleva tambi\u00e9n a una epidemia emocional, social y econ\u00f3mica\u201d.<\/p>\n\n\n\n<p>Por ello, do\u00f1a Rita acata las recomendaciones sanitarias y se queda en casa.<\/p>\n\n\n\n<p>\u201cConsidero la importancia de estar en casa cuidarme para evitar el contagio y manteniendo una dieta saludable, tratar de hacer alg\u00fan tipo de ejercicio y sobre todo estar en contacto con toda mi familia y as\u00ed permanecer optimista\u201d.<\/p>\n\n\n\n<p>La adulta mayor espera que haya apoyos econ\u00f3micos para personas de la tercera edad, pues los precios de la canasta b\u00e1sica han ido en aumento.<\/p>\n\n\n\n<p>\u201cMe interesa saber si existe o se va implementar alg\u00fan tipo de apoyo econ\u00f3mico y ser candidata a recibirlo ya que cuento con una pensi\u00f3n cr\u00edtica (con poco ingreso) y como la canasta b\u00e1sica se est\u00e1 incrementado cada d\u00eda esto s\u00ed afectar\u00eda m\u00ed situaci\u00f3n econ\u00f3mica\u201d, enfatiz\u00f3.<\/p>\n\n\n\n<p><\/p>\n","protected":false},"excerpt":{"rendered":"<p>Juan Arcos Xalapa, Ver.- Do\u00f1a Rita S\u00e1nchez Maldonado teme que su salud empeore por un posible contagio de coronavirus. Tiene m\u00e1s de 60 a\u00f1os y padece enfermedades cr\u00f3nicas degenerativas.\u00a0La pensi\u00f3n que le otorga el Instituto de Seguridad y Servicios Sociales de los Trabajadores del Estado (ISSSTE) por viudez, no le alcanza para cubrir sus necesidades. [&hellip;]<\/p>\n","protected":false},"author":1,"featured_media":1917,"comment_status":"open","ping_status":"open","sticky":false,"template":"","format":"standard","meta":{"_jetpack_memberships_contains_paid_content":false,"footnotes":""},"categories":[2],"tags":[],"class_list":["post-1916","post","type-post","status-publish","format-standard","has-post-thumbnail","hentry","category-estado"],"jetpack_featured_media_url":"https:\/\/encuentroinformativo.com.mx\/wp-content\/uploads\/2020\/04\/0BC7DC2E-3664-416B-8032-6453979188ED.jpeg","jetpack_sharing_enabled":true,"jetpack_likes_enabled":true,"amp_enabled":true,"_links":{"self":[{"href":"https:\/\/encuentroinformativo.com.mx\/index.php?rest_route=\/wp\/v2\/posts\/1916","targetHints":{"allow":["GET"]}}],"collection":[{"href":"https:\/\/encuentroinformativo.com.mx\/index.php?rest_route=\/wp\/v2\/posts"}],"about":[{"href":"https:\/\/encuentroinformativo.com.mx\/index.php?rest_route=\/wp\/v2\/types\/post"}],"author":[{"embeddable":true,"href":"https:\/\/encuentroinformativo.com.mx\/index.php?rest_route=\/wp\/v2\/users\/1"}],"replies":[{"embeddable":true,"href":"https:\/\/encuentroinformativo.com.mx\/index.php?rest_route=%2Fwp%2Fv2%2Fcomments&post=1916"}],"version-history":[{"count":1,"href":"https:\/\/encuentroinformativo.com.mx\/index.php?rest_route=\/wp\/v2\/posts\/1916\/revisions"}],"predecessor-version":[{"id":1918,"href":"https:\/\/encuentroinformativo.com.mx\/index.php?rest_route=\/wp\/v2\/posts\/1916\/revisions\/1918"}],"wp:featuredmedia":[{"embeddable":true,"href":"https:\/\/encuentroinformativo.com.mx\/index.php?rest_route=\/wp\/v2\/media\/1917"}],"wp:attachment":[{"href":"https:\/\/encuentroinformativo.com.mx\/index.php?rest_route=%2Fwp%2Fv2%2Fmedia&parent=1916"}],"wp:term":[{"taxonomy":"category","embeddable":true,"href":"https:\/\/encuentroinformativo.com.mx\/index.php?rest_route=%2Fwp%2Fv2%2Fcategories&post=1916"},{"taxonomy":"post_tag","embeddable":true,"href":"https:\/\/encuentroinformativo.com.mx\/index.php?rest_route=%2Fwp%2Fv2%2Ftags&post=1916"}],"curies":[{"name":"wp","href":"https:\/\/api.w.org\/{rel}","templated":true}]}}