{"id":19160,"date":"2021-10-08T13:12:35","date_gmt":"2021-10-08T18:12:35","guid":{"rendered":"https:\/\/encuentroinformativo.com.mx\/?p=19160"},"modified":"2021-10-08T13:12:38","modified_gmt":"2021-10-08T18:12:38","slug":"acusan-jovenes-falta-de-organizacion-en-proceso-de-vacunacion","status":"publish","type":"post","link":"https:\/\/encuentroinformativo.com.mx\/?p=19160","title":{"rendered":"Acusan j\u00f3venes falta de organizaci\u00f3n en proceso de vacunaci\u00f3n"},"content":{"rendered":"\n<p><strong>Juan Arcos<\/strong><\/p>\n\n\n\n<p>Xalapa, Ver.- La aplicaci\u00f3n de la segunda dosis de la vacuna contra el SARS-COV-2 (COVID-19) ha despertado la inconformidad de la poblaci\u00f3n xalape\u00f1a por la falta de organizaci\u00f3n y de \u201cganas de trabajar\u201d entre quienes participan en el Plan Nacional de Vacunaci\u00f3n.<\/p>\n\n\n\n<p>J\u00f3venes de 18 a 29 a\u00f1os, que acudieron al Complejo Deportivo Omega, a un costado del Estadio Xalape\u00f1o \u201cHeriberto Jara Corona, en la ciudad de Xalapa, el pasado lunes 4 de octubre, denunciaron que la fila de espera llegaba hasta la zona de Rector\u00eda de la Universidad Veracruzana (UV).<\/p>\n\n\n\n<p>Parec\u00eda ser el mismo n\u00famero de servidores de la naci\u00f3n, enfermeras y m\u00e9dicos que en la primera dosis; sin embargo, el proceso fue m\u00e1s lento y tedioso.<\/p>\n\n\n\n<p>Algunos de los j\u00f3venes tardaron solo 40 minutos en la aplicaci\u00f3n de la primera dosis y en esta ocasi\u00f3n tuvieron que estar formados m\u00e1s de dos horas para acceder al beneficio.<\/p>\n\n\n\n<p>Al ingresar a las instalaciones, se percataron que todo el personal dedicado a la vacunaci\u00f3n laboraba con pereza y \u201csin ganas\u201d.<\/p>\n\n\n\n<p>\u201cCuando entramos, todos estaban s\u00faper lentos, apachurraros, como que ni quer\u00edan trabajar y ya cuando nos pasaron al \u00e1rea de sentarnos para la vacuna no hab\u00eda gente, nos hicieron llenar otra vez el formato, todav\u00eda ni lo termin\u00e1bamos de llenar y te dec\u00edan: ya pasa a tu vacuna\u201d, expresaron.<\/p>\n\n\n\n<p>Despu\u00e9s de la aplicaci\u00f3n, los servidores de la naci\u00f3n informaban que ya no era necesario permanecer diez minutos o m\u00e1s en la zona de observaci\u00f3n, para detectar efectos secundarios.<\/p>\n\n\n\n<p>\u201cNadie te dec\u00eda las recomendaciones (contraindicaciones), nadie te dec\u00eda nada y nada m\u00e1s nos ten\u00edan ah\u00ed, literal, como vacas, si no quer\u00edas estar te pod\u00edas ir sin ning\u00fan problema\u201d, comentaron.<\/p>\n\n\n\n<p>Cabe recodar que, a principios de septiembre pasado, una enfermera simul\u00f3 haber administrado la dosis durante la jornada de vacunaci\u00f3n a personas de 18 a 29 a\u00f1os en Boca del Rio.<\/p>\n\n\n\n<p>El gobernador Cuitl\u00e1huac Garc\u00eda Jim\u00e9nez asegur\u00f3 que ser\u00eda sometida a juicio por corrupci\u00f3n al tratarse de una trabajadora de la Secretar\u00eda de Salud de Veracruz.<\/p>\n\n\n\n<p>La mujer fue separada de la jornada de vacunaci\u00f3n y asegur\u00f3 que no lo hizo de manera intencional, pues estaba cansada y se distrajo en ese momento.<\/p>\n","protected":false},"excerpt":{"rendered":"<p>Juan Arcos Xalapa, Ver.- La aplicaci\u00f3n de la segunda dosis de la vacuna contra el SARS-COV-2 (COVID-19) ha despertado la inconformidad de la poblaci\u00f3n xalape\u00f1a por la falta de organizaci\u00f3n y de \u201cganas de trabajar\u201d entre quienes participan en el Plan Nacional de Vacunaci\u00f3n. J\u00f3venes de 18 a 29 a\u00f1os, que acudieron al Complejo Deportivo [&hellip;]<\/p>\n","protected":false},"author":1,"featured_media":19161,"comment_status":"open","ping_status":"open","sticky":false,"template":"","format":"standard","meta":{"_jetpack_memberships_contains_paid_content":false,"footnotes":""},"categories":[9],"tags":[],"class_list":["post-19160","post","type-post","status-publish","format-standard","has-post-thumbnail","hentry","category-salud"],"jetpack_featured_media_url":"https:\/\/encuentroinformativo.com.mx\/wp-content\/uploads\/2021\/10\/93941CC8-FCD6-4325-B79E-33DA6C854816.jpeg","jetpack_sharing_enabled":true,"jetpack_likes_enabled":true,"amp_enabled":true,"_links":{"self":[{"href":"https:\/\/encuentroinformativo.com.mx\/index.php?rest_route=\/wp\/v2\/posts\/19160","targetHints":{"allow":["GET"]}}],"collection":[{"href":"https:\/\/encuentroinformativo.com.mx\/index.php?rest_route=\/wp\/v2\/posts"}],"about":[{"href":"https:\/\/encuentroinformativo.com.mx\/index.php?rest_route=\/wp\/v2\/types\/post"}],"author":[{"embeddable":true,"href":"https:\/\/encuentroinformativo.com.mx\/index.php?rest_route=\/wp\/v2\/users\/1"}],"replies":[{"embeddable":true,"href":"https:\/\/encuentroinformativo.com.mx\/index.php?rest_route=%2Fwp%2Fv2%2Fcomments&post=19160"}],"version-history":[{"count":1,"href":"https:\/\/encuentroinformativo.com.mx\/index.php?rest_route=\/wp\/v2\/posts\/19160\/revisions"}],"predecessor-version":[{"id":19162,"href":"https:\/\/encuentroinformativo.com.mx\/index.php?rest_route=\/wp\/v2\/posts\/19160\/revisions\/19162"}],"wp:featuredmedia":[{"embeddable":true,"href":"https:\/\/encuentroinformativo.com.mx\/index.php?rest_route=\/wp\/v2\/media\/19161"}],"wp:attachment":[{"href":"https:\/\/encuentroinformativo.com.mx\/index.php?rest_route=%2Fwp%2Fv2%2Fmedia&parent=19160"}],"wp:term":[{"taxonomy":"category","embeddable":true,"href":"https:\/\/encuentroinformativo.com.mx\/index.php?rest_route=%2Fwp%2Fv2%2Fcategories&post=19160"},{"taxonomy":"post_tag","embeddable":true,"href":"https:\/\/encuentroinformativo.com.mx\/index.php?rest_route=%2Fwp%2Fv2%2Ftags&post=19160"}],"curies":[{"name":"wp","href":"https:\/\/api.w.org\/{rel}","templated":true}]}}