{"id":19172,"date":"2021-10-08T13:47:36","date_gmt":"2021-10-08T18:47:36","guid":{"rendered":"https:\/\/encuentroinformativo.com.mx\/?p=19172"},"modified":"2021-10-08T13:47:40","modified_gmt":"2021-10-08T18:47:40","slug":"destinaran-recursos-de-parquimetros-para-rehabilitacion-de-puente","status":"publish","type":"post","link":"https:\/\/encuentroinformativo.com.mx\/?p=19172","title":{"rendered":"Destinar\u00e1n recursos de parqu\u00edmetros para rehabilitaci\u00f3n de Puente"},"content":{"rendered":"\n<p><strong>Alejandro \u00c1vila<\/strong><\/p>\n\n\n\n<p>Veracruz, Ver.- El Fideicomiso de Parqu\u00edmetros, aprob\u00f3 en la sesi\u00f3n del 14 de septiembre del 2021, destinar 15 millones de pesos para la rehabilitaci\u00f3n del Puente Morelos y la iluminaci\u00f3n de la Catedral de Veracruz, inform\u00f3 la regidora X\u00f3chitl Arzaba Hern\u00e1dez.<\/p>\n\n\n\n<p>La edil coment\u00f3 que se destinar\u00e1n 7 millones de pesos para el Puente Morelos, mismo que es la conexi\u00f3n entre el centro de la ciudad y la zona norte; adem\u00e1s de 8 millones de pesos para la iluminaci\u00f3n de la Catedral de Veracruz, a fin de darle vida al z\u00f3calo, y que sea un atractivo para los visitantes a la ciudad.<\/p>\n\n\n\n<p>Esta decisi\u00f3n, destac\u00f3, fue aprobada por unanimidad por todos los miembros, mismos que la conforman los presidentes de las C\u00e1maras Empresariales, y ediles drl Ayuntamiento de Veracruz.<\/p>\n\n\n\n<p>&#8220;La cantidad que se recauda mensualmente de los parquimetros, es un aproximado de 400 mil pesos, pero bueno, esta cantidad es fluctuante, debido a que obviamente si es temporada alta hay m\u00e1s recaudaci\u00f3n y en temporada baja un poquito, y ahorita con el tema de la contingencia pues s\u00ed ha bajado&#8221;, mencion\u00f3.<\/p>\n\n\n\n<p>X\u00f3chitl Arzaba Hern\u00e1ndez, se\u00f1al\u00f3 que esta cantidad se acumul\u00f3 desde septiembre del 2019, y aunque cada a\u00f1o se tiene previsto realizar una obra, durante el 2020 por la pandemia se decidi\u00f3 suspender un proyecto y realizar dos en 2021.<\/p>\n","protected":false},"excerpt":{"rendered":"<p>Alejandro \u00c1vila Veracruz, Ver.- El Fideicomiso de Parqu\u00edmetros, aprob\u00f3 en la sesi\u00f3n del 14 de septiembre del 2021, destinar 15 millones de pesos para la rehabilitaci\u00f3n del Puente Morelos y la iluminaci\u00f3n de la Catedral de Veracruz, inform\u00f3 la regidora X\u00f3chitl Arzaba Hern\u00e1dez. La edil coment\u00f3 que se destinar\u00e1n 7 millones de pesos para el [&hellip;]<\/p>\n","protected":false},"author":1,"featured_media":19173,"comment_status":"open","ping_status":"open","sticky":false,"template":"","format":"standard","meta":{"_jetpack_memberships_contains_paid_content":false,"footnotes":""},"categories":[2],"tags":[],"class_list":["post-19172","post","type-post","status-publish","format-standard","has-post-thumbnail","hentry","category-estado"],"jetpack_featured_media_url":"https:\/\/encuentroinformativo.com.mx\/wp-content\/uploads\/2021\/10\/F4219F22-7A68-47B6-850A-2D14BBFA9475.jpeg","jetpack_sharing_enabled":true,"jetpack_likes_enabled":true,"amp_enabled":true,"_links":{"self":[{"href":"https:\/\/encuentroinformativo.com.mx\/index.php?rest_route=\/wp\/v2\/posts\/19172","targetHints":{"allow":["GET"]}}],"collection":[{"href":"https:\/\/encuentroinformativo.com.mx\/index.php?rest_route=\/wp\/v2\/posts"}],"about":[{"href":"https:\/\/encuentroinformativo.com.mx\/index.php?rest_route=\/wp\/v2\/types\/post"}],"author":[{"embeddable":true,"href":"https:\/\/encuentroinformativo.com.mx\/index.php?rest_route=\/wp\/v2\/users\/1"}],"replies":[{"embeddable":true,"href":"https:\/\/encuentroinformativo.com.mx\/index.php?rest_route=%2Fwp%2Fv2%2Fcomments&post=19172"}],"version-history":[{"count":1,"href":"https:\/\/encuentroinformativo.com.mx\/index.php?rest_route=\/wp\/v2\/posts\/19172\/revisions"}],"predecessor-version":[{"id":19174,"href":"https:\/\/encuentroinformativo.com.mx\/index.php?rest_route=\/wp\/v2\/posts\/19172\/revisions\/19174"}],"wp:featuredmedia":[{"embeddable":true,"href":"https:\/\/encuentroinformativo.com.mx\/index.php?rest_route=\/wp\/v2\/media\/19173"}],"wp:attachment":[{"href":"https:\/\/encuentroinformativo.com.mx\/index.php?rest_route=%2Fwp%2Fv2%2Fmedia&parent=19172"}],"wp:term":[{"taxonomy":"category","embeddable":true,"href":"https:\/\/encuentroinformativo.com.mx\/index.php?rest_route=%2Fwp%2Fv2%2Fcategories&post=19172"},{"taxonomy":"post_tag","embeddable":true,"href":"https:\/\/encuentroinformativo.com.mx\/index.php?rest_route=%2Fwp%2Fv2%2Ftags&post=19172"}],"curies":[{"name":"wp","href":"https:\/\/api.w.org\/{rel}","templated":true}]}}