{"id":19189,"date":"2021-10-09T14:39:11","date_gmt":"2021-10-09T19:39:11","guid":{"rendered":"https:\/\/encuentroinformativo.com.mx\/?p=19189"},"modified":"2021-10-09T14:39:16","modified_gmt":"2021-10-09T19:39:16","slug":"alistan-retorno-a-clases-presenciales-en-escuelas-normales","status":"publish","type":"post","link":"https:\/\/encuentroinformativo.com.mx\/?p=19189","title":{"rendered":"Alistan retorno a clases presenciales en escuelas Normales"},"content":{"rendered":"\n<p><strong>Dar\u00edo Pale\u00a0<\/strong><\/p>\n\n\n\n<p>Xalapa, Ver.- El Director de Educaci\u00f3n Normal de la Secretar\u00eda de Educaci\u00f3n en Veracruz (SEV), Gilberto de Jes\u00fas Corro Feria dio a conocer que despu\u00e9s de la aplicaci\u00f3n de la segunda dosis de la vacuna contra covid a j\u00f3venes mayores de 18 a\u00f1os y la que se concret\u00f3 previamente a los docentes en el estado, la SEV program\u00f3 el regreso a las aulas de los estudiantes de escuelas normales p\u00fablicas y privadas en el estado a partir de los \u00faltimos d\u00edas de octubre.<\/p>\n\n\n\n<p>En entrevista se\u00f1al\u00f3 \u201ctenemos pensado que ya a finales de este mes aproximadamente podamos regresar porque ya la gran mayor\u00eda de nuestros estudiantes est\u00e1 vacunado al igual que nuestros maestros. Tenemos alrededor de 22 escuelas en todas las regiones del estado y yo creo que ya m\u00e1s del 60 por ciento de estudiantes ya regres\u00f3 de manera presencial\u201d.<\/p>\n\n\n\n<p>Inform\u00f3 que las pr\u00e1cticas de los docentes en formaci\u00f3n no necesariamente tendr\u00e1n que hacerse en las aulas de escuelas los niveles educativos que estudian, pues habr\u00e1 flexibilidad de que los normalistas las realicen en sus propios entornos para evitar la movilidad.<\/p>\n\n\n\n<p>\u201cSe tiene determinado c\u00f3mo pueden regresar a estas pr\u00e1cticas, de hecho la Federaci\u00f3n marc\u00f3 algunas l\u00edneas a seguir para que se pudieran constatar estas pr\u00e1cticas, es decir, no solamente se pueden realizar en las escuelas, sino que debido a la situaci\u00f3n imperante a la cuesti\u00f3n de la pandemia, dieron l\u00edneas de trabajo con las cuales los estudiantes pueden realizar estas pr\u00e1cticas, ll\u00e1mese en la colonia, en el barrio, en la casa, pero dando el servicio correspondiente a los estudiantes\u201d, se\u00f1al\u00f3.<\/p>\n\n\n\n<p>Este a\u00f1o aument\u00f3 el n\u00famero de la matricula de normalistas en Veracruz en 1.6 por ciento y se estima que de 300 a 2 &nbsp; mil estudiantes confluyan en las escuelas normales p\u00fablicas en el estado en los pr\u00f3ximos meses, tras la aplicaci\u00f3n de las segundas dosis de vacunas contra covid a j\u00f3venes mayores de 18 a\u00f1os y la que se concret\u00f3 previamente a los docentes en el estado.<\/p>\n\n\n\n<p>Finalmente reiter\u00f3 que la SEV program\u00f3 el regreso a las aulas de los estudiantes de escuelas normales p\u00fablicas y privadas en el estado a partir de los \u00faltimos d\u00edas de octubre.<\/p>\n","protected":false},"excerpt":{"rendered":"<p>Dar\u00edo Pale\u00a0 Xalapa, Ver.- El Director de Educaci\u00f3n Normal de la Secretar\u00eda de Educaci\u00f3n en Veracruz (SEV), Gilberto de Jes\u00fas Corro Feria dio a conocer que despu\u00e9s de la aplicaci\u00f3n de la segunda dosis de la vacuna contra covid a j\u00f3venes mayores de 18 a\u00f1os y la que se concret\u00f3 previamente a los docentes en [&hellip;]<\/p>\n","protected":false},"author":2476,"featured_media":19188,"comment_status":"open","ping_status":"open","sticky":false,"template":"","format":"standard","meta":{"_jetpack_memberships_contains_paid_content":false,"footnotes":""},"categories":[2],"tags":[],"class_list":["post-19189","post","type-post","status-publish","format-standard","has-post-thumbnail","hentry","category-estado"],"jetpack_featured_media_url":"https:\/\/encuentroinformativo.com.mx\/wp-content\/uploads\/2021\/10\/168A48B8-76D2-4EDB-B96E-6DABFA5308A9.jpeg","jetpack_sharing_enabled":true,"jetpack_likes_enabled":true,"amp_enabled":true,"_links":{"self":[{"href":"https:\/\/encuentroinformativo.com.mx\/index.php?rest_route=\/wp\/v2\/posts\/19189","targetHints":{"allow":["GET"]}}],"collection":[{"href":"https:\/\/encuentroinformativo.com.mx\/index.php?rest_route=\/wp\/v2\/posts"}],"about":[{"href":"https:\/\/encuentroinformativo.com.mx\/index.php?rest_route=\/wp\/v2\/types\/post"}],"author":[{"embeddable":true,"href":"https:\/\/encuentroinformativo.com.mx\/index.php?rest_route=\/wp\/v2\/users\/2476"}],"replies":[{"embeddable":true,"href":"https:\/\/encuentroinformativo.com.mx\/index.php?rest_route=%2Fwp%2Fv2%2Fcomments&post=19189"}],"version-history":[{"count":1,"href":"https:\/\/encuentroinformativo.com.mx\/index.php?rest_route=\/wp\/v2\/posts\/19189\/revisions"}],"predecessor-version":[{"id":19190,"href":"https:\/\/encuentroinformativo.com.mx\/index.php?rest_route=\/wp\/v2\/posts\/19189\/revisions\/19190"}],"wp:featuredmedia":[{"embeddable":true,"href":"https:\/\/encuentroinformativo.com.mx\/index.php?rest_route=\/wp\/v2\/media\/19188"}],"wp:attachment":[{"href":"https:\/\/encuentroinformativo.com.mx\/index.php?rest_route=%2Fwp%2Fv2%2Fmedia&parent=19189"}],"wp:term":[{"taxonomy":"category","embeddable":true,"href":"https:\/\/encuentroinformativo.com.mx\/index.php?rest_route=%2Fwp%2Fv2%2Fcategories&post=19189"},{"taxonomy":"post_tag","embeddable":true,"href":"https:\/\/encuentroinformativo.com.mx\/index.php?rest_route=%2Fwp%2Fv2%2Ftags&post=19189"}],"curies":[{"name":"wp","href":"https:\/\/api.w.org\/{rel}","templated":true}]}}