{"id":1919,"date":"2020-04-17T13:53:59","date_gmt":"2020-04-17T18:53:59","guid":{"rendered":"https:\/\/encuentroinformativo.com\/?p=1919"},"modified":"2020-04-17T13:54:01","modified_gmt":"2020-04-17T18:54:01","slug":"ex-funcionario-de-espacios-educativos-acusa-persecucion-por-denunciar-corrupcion-en-la-dependencia","status":"publish","type":"post","link":"https:\/\/encuentroinformativo.com.mx\/?p=1919","title":{"rendered":"Ex funcionario de Espacios Educativos acusa persecuci\u00f3n por denunciar corrupci\u00f3n en la dependencia"},"content":{"rendered":"\n<p><strong>Dar\u00edo Pale <\/strong><\/p>\n\n\n\n<p>Xalapa, Ver.- Erick S\u00e1nchez V\u00e1zquez exjefe del departamento de acuerdos y seguimientos de la direcci\u00f3n del Instituto de Espacios Educativos (IEE) de la Secretaria de Educaci\u00f3n de Veracruz (SEV), culpa de su detenci\u00f3n al titular del IEE y teme por su seguridad y la de su familia.<\/p>\n\n\n\n<p>En conferencia de prensa realizada en conocido caf\u00e9 del centro de Xalapa se\u00f1al\u00f3 que, el d\u00eda 13 de abril le hablo por tel\u00e9fono el director de espacios educativos Ricardo Garc\u00eda Jim\u00e9nez para sostener una reuni\u00f3n en la SEV, supuestamente con Diana de la FENERRR de antorcha campesina.<\/p>\n\n\n\n<p>Cabe se\u00f1alar que el director de dicha dependencia se reun\u00eda con Roberto Ixtla Campuzano, adem\u00e1s de Iv\u00e1n Villanueva Sanchez, quienes manejan un consorcio de obras, pero pese a que el solicitaba informaci\u00f3n de las obras est\u00e1 nunca se la hac\u00edan llegar.<\/p>\n\n\n\n<p>\u201cRoberto Ixtla Campuzano se reun\u00eda con el director e Iv\u00e1n Villanueva S\u00e1nchez, que manejan un consorcio de obras y ped\u00eda pruebas pero me negaban la informaci\u00f3n. Es un prueba rotunda de qu\u00e9 hay hechos de corrupci\u00f3n\u201d, coment\u00f3.<\/p>\n\n\n\n<p>Dio a conocer que cuando lo detuvieron los elementos de la SSP en las \u00e1nimas y supuestamente al revisar su unidad le encontraron drogas por lo que el se\u00f1ala que fue un \u201ccuatro\u201d que le quisieron poner en el interior de su unidad, por lo que al ser trasladado a San Jos\u00e9 y posteriormente a la FGE, lo consignan con un juez 48 horas y posteriormente la juez le otorga la libertad ya que estaba mal armado el \u201ccuatro\u201d.<\/p>\n\n\n\n<p>\u201cHab\u00eda m\u00e1s de 40 elementos de polic\u00eda que ya me esperaban. No deten\u00edan a ning\u00fan veh\u00edculo, me pidieron bajarme de mi auto, se identifiqu\u00e9, sin dar autorizaci\u00f3n para la revisi\u00f3n de mi veh\u00edculo y se metieron varios elementos y sacaron un sobre amarillo y me dicen que tra\u00eda droga, quer\u00edan que agarrara el sobre para que pusiera mis huellas\u201d, se\u00f1al\u00f3 en la conferencia de prensa.<\/p>\n\n\n\n<p>Lo \u00fanico que quiere hacer es limpiar su nombre, pero lo mandan a traer  el director de espacios educativos para comentarle que supuestamente por \u00f3rdenes superiores lo van a denunciar algunas empresas por corrupci\u00f3n y se\u00f1al\u00f3 a Zenyazen.<\/p>\n\n\n\n<p>Dio a conocer que nunca pens\u00f3 que por ser la piedra en el zapato de un funcionario por querer ser transparente ya que nunca crey\u00f3 que la cuarta transformaci\u00f3n fuera peor que el PRI y que tengan que ejercer todo el peso de la ley para manchar el nombre de una persona que los apoyo principalmente al gobernador del estado.<\/p>\n\n\n\n<p>Por \u00faltimo advirti\u00f3 no permitir\u00e1 que lo usen como carne de ca\u00f1\u00f3n como dijo lo han hecho con otros funcionarios y por ello pidi\u00f3 la intervenci\u00f3n del gobernador Cuitl\u00e1huac Garc\u00eda Jim\u00e9nez en su caso.<\/p>\n\n\n\n<p><\/p>\n","protected":false},"excerpt":{"rendered":"<p>Dar\u00edo Pale Xalapa, Ver.- Erick S\u00e1nchez V\u00e1zquez exjefe del departamento de acuerdos y seguimientos de la direcci\u00f3n del Instituto de Espacios Educativos (IEE) de la Secretaria de Educaci\u00f3n de Veracruz (SEV), culpa de su detenci\u00f3n al titular del IEE y teme por su seguridad y la de su familia. En conferencia de prensa realizada en [&hellip;]<\/p>\n","protected":false},"author":1,"featured_media":1920,"comment_status":"open","ping_status":"open","sticky":false,"template":"","format":"standard","meta":{"_jetpack_memberships_contains_paid_content":false,"footnotes":""},"categories":[2],"tags":[],"class_list":["post-1919","post","type-post","status-publish","format-standard","has-post-thumbnail","hentry","category-estado"],"jetpack_featured_media_url":"https:\/\/encuentroinformativo.com.mx\/wp-content\/uploads\/2020\/04\/86BF0045-225A-40FB-918D-2A18A4D2A37F.jpeg","jetpack_sharing_enabled":true,"jetpack_likes_enabled":true,"amp_enabled":true,"_links":{"self":[{"href":"https:\/\/encuentroinformativo.com.mx\/index.php?rest_route=\/wp\/v2\/posts\/1919","targetHints":{"allow":["GET"]}}],"collection":[{"href":"https:\/\/encuentroinformativo.com.mx\/index.php?rest_route=\/wp\/v2\/posts"}],"about":[{"href":"https:\/\/encuentroinformativo.com.mx\/index.php?rest_route=\/wp\/v2\/types\/post"}],"author":[{"embeddable":true,"href":"https:\/\/encuentroinformativo.com.mx\/index.php?rest_route=\/wp\/v2\/users\/1"}],"replies":[{"embeddable":true,"href":"https:\/\/encuentroinformativo.com.mx\/index.php?rest_route=%2Fwp%2Fv2%2Fcomments&post=1919"}],"version-history":[{"count":1,"href":"https:\/\/encuentroinformativo.com.mx\/index.php?rest_route=\/wp\/v2\/posts\/1919\/revisions"}],"predecessor-version":[{"id":1921,"href":"https:\/\/encuentroinformativo.com.mx\/index.php?rest_route=\/wp\/v2\/posts\/1919\/revisions\/1921"}],"wp:featuredmedia":[{"embeddable":true,"href":"https:\/\/encuentroinformativo.com.mx\/index.php?rest_route=\/wp\/v2\/media\/1920"}],"wp:attachment":[{"href":"https:\/\/encuentroinformativo.com.mx\/index.php?rest_route=%2Fwp%2Fv2%2Fmedia&parent=1919"}],"wp:term":[{"taxonomy":"category","embeddable":true,"href":"https:\/\/encuentroinformativo.com.mx\/index.php?rest_route=%2Fwp%2Fv2%2Fcategories&post=1919"},{"taxonomy":"post_tag","embeddable":true,"href":"https:\/\/encuentroinformativo.com.mx\/index.php?rest_route=%2Fwp%2Fv2%2Ftags&post=1919"}],"curies":[{"name":"wp","href":"https:\/\/api.w.org\/{rel}","templated":true}]}}