{"id":19196,"date":"2021-10-09T16:05:55","date_gmt":"2021-10-09T21:05:55","guid":{"rendered":"https:\/\/encuentroinformativo.com.mx\/?p=19196"},"modified":"2021-10-09T16:05:59","modified_gmt":"2021-10-09T21:05:59","slug":"detienen-a-ex-secretario-de-finanzas-con-duarte","status":"publish","type":"post","link":"https:\/\/encuentroinformativo.com.mx\/?p=19196","title":{"rendered":"Detienen a ex Secretario de Finanzas con Duarte"},"content":{"rendered":"\n<p><strong>Dar\u00edo Pale\u00a0<\/strong><\/p>\n\n\n\n<p>Xalapa, Ver.- El extitular de la Secretar\u00eda de Finanzas y Planeaci\u00f3n (SEFIPLAN), durante la administraci\u00f3n de Javier Duarte, Antonio \u201cN\u201d fue detenido esta ma\u00f1ana en la capital del estado por elementos de la polic\u00eda ministerial.<\/p>\n\n\n\n<p>La detenci\u00f3n se debe a una orden de aprehensi\u00f3n girada en su contra por los delitos de abuso de autoridad e incumplimiento de un deber legal y desv\u00edo de recursos cometidos al servicio p\u00fablico; el pasado 11 de diciembre de 2019, con base en la carpeta de investigaci\u00f3n 440\/2019.<\/p>\n\n\n\n<p>Fue detenido por elementos de la polic\u00eda ministerial en la capital del estado, esto pese a que en mayo de este a\u00f1o trascendi\u00f3 que el quinto secretario de Finanzas del gobierno de Duarte, logr\u00f3 amparo en contra de la orden de aprehensi\u00f3n que fue girada en su contra desde el 2019.<\/p>\n\n\n\n<p>Sin embargo, no se le concedi\u00f3 su petici\u00f3n de tener acceso a la carpeta de investigaci\u00f3n en su contra, ya que el amparo hab\u00eda sido ratificado por un tribunal colegiado de circuito, por lo cual se supon\u00eda que no pod\u00eda ser detenido.<\/p>\n\n\n\n<p>A G\u00f3mez Pelegr\u00edn se le acusa de los delitos de incumplimiento del deber legal, abuso de autoridad y desv\u00edo de recursos cometidos al servicio p\u00fablico.<\/p>\n","protected":false},"excerpt":{"rendered":"<p>Dar\u00edo Pale\u00a0 Xalapa, Ver.- El extitular de la Secretar\u00eda de Finanzas y Planeaci\u00f3n (SEFIPLAN), durante la administraci\u00f3n de Javier Duarte, Antonio \u201cN\u201d fue detenido esta ma\u00f1ana en la capital del estado por elementos de la polic\u00eda ministerial. La detenci\u00f3n se debe a una orden de aprehensi\u00f3n girada en su contra por los delitos de abuso [&hellip;]<\/p>\n","protected":false},"author":2476,"featured_media":88,"comment_status":"open","ping_status":"open","sticky":false,"template":"","format":"standard","meta":{"_jetpack_memberships_contains_paid_content":false,"footnotes":""},"categories":[2],"tags":[],"class_list":["post-19196","post","type-post","status-publish","format-standard","has-post-thumbnail","hentry","category-estado"],"jetpack_featured_media_url":"https:\/\/encuentroinformativo.com.mx\/wp-content\/uploads\/2020\/02\/palacio.jpg","jetpack_sharing_enabled":true,"jetpack_likes_enabled":true,"amp_enabled":true,"_links":{"self":[{"href":"https:\/\/encuentroinformativo.com.mx\/index.php?rest_route=\/wp\/v2\/posts\/19196","targetHints":{"allow":["GET"]}}],"collection":[{"href":"https:\/\/encuentroinformativo.com.mx\/index.php?rest_route=\/wp\/v2\/posts"}],"about":[{"href":"https:\/\/encuentroinformativo.com.mx\/index.php?rest_route=\/wp\/v2\/types\/post"}],"author":[{"embeddable":true,"href":"https:\/\/encuentroinformativo.com.mx\/index.php?rest_route=\/wp\/v2\/users\/2476"}],"replies":[{"embeddable":true,"href":"https:\/\/encuentroinformativo.com.mx\/index.php?rest_route=%2Fwp%2Fv2%2Fcomments&post=19196"}],"version-history":[{"count":1,"href":"https:\/\/encuentroinformativo.com.mx\/index.php?rest_route=\/wp\/v2\/posts\/19196\/revisions"}],"predecessor-version":[{"id":19197,"href":"https:\/\/encuentroinformativo.com.mx\/index.php?rest_route=\/wp\/v2\/posts\/19196\/revisions\/19197"}],"wp:featuredmedia":[{"embeddable":true,"href":"https:\/\/encuentroinformativo.com.mx\/index.php?rest_route=\/wp\/v2\/media\/88"}],"wp:attachment":[{"href":"https:\/\/encuentroinformativo.com.mx\/index.php?rest_route=%2Fwp%2Fv2%2Fmedia&parent=19196"}],"wp:term":[{"taxonomy":"category","embeddable":true,"href":"https:\/\/encuentroinformativo.com.mx\/index.php?rest_route=%2Fwp%2Fv2%2Fcategories&post=19196"},{"taxonomy":"post_tag","embeddable":true,"href":"https:\/\/encuentroinformativo.com.mx\/index.php?rest_route=%2Fwp%2Fv2%2Ftags&post=19196"}],"curies":[{"name":"wp","href":"https:\/\/api.w.org\/{rel}","templated":true}]}}