{"id":19211,"date":"2021-10-10T17:00:53","date_gmt":"2021-10-10T22:00:53","guid":{"rendered":"https:\/\/encuentroinformativo.com.mx\/?p=19211"},"modified":"2021-10-10T17:00:56","modified_gmt":"2021-10-10T22:00:56","slug":"se-suma-escritor-a-lucha-contra-mineria","status":"publish","type":"post","link":"https:\/\/encuentroinformativo.com.mx\/?p=19211","title":{"rendered":"Se suma escritor a lucha contra miner\u00eda"},"content":{"rendered":"\n<p><strong>Juan Arcos<\/strong><\/p>\n\n\n\n<p>Actopan, Ver.- El periodista y escritor Jes\u00fas Lemus Barajas se sum\u00f3 a la lucha de pobladores y ambientalistas en contra de los proyectos de miner\u00eda a cielo abierto que est\u00e1n vigentes en los municipios de Actopan y Alto Lucero, en la zona costera de Veracruz.<\/p>\n\n\n\n<p>El autor de los libros \u201cLos Malditos\u201d y \u201cM\u00e9xico a cielo abierto\u201d particip\u00f3 en una concentraci\u00f3n ciudadana en la localidad Tinajitas del municipio de Actopan, donde reprob\u00f3 que los gobiernos contin\u00faen permitiendo dicha actividad en el pa\u00eds, pese a que se trata de \u201cproyectos de muerte\u201d.<\/p>\n\n\n\n<p>\u201cLa explotaci\u00f3n minera es un proyecto de muerte, no hay posibilidad de llevar a cabo una explotaci\u00f3n minera, sin que no lleve impl\u00edcitamente la destrucci\u00f3n y la devastaci\u00f3n del suelo, y consecuentemente la muerte tanto para la flora y fauna del entorno como para las comunidades en la regi\u00f3n\u201d, expres\u00f3 a los ejidatarios y pobladores.<\/p>\n\n\n\n<p>Record\u00f3 que en su libro \u201cM\u00e9xico a cielo abierto\u201d detalla, de manera amplia, los problemas que enfrentan las regiones que son convencidas y enga\u00f1adas para avalar los proyectos mineros.<\/p>\n\n\n\n<p>\u201cSon seducidas mentirosamente por empresas transnacionales que llegan diciendo que va a haber desarrollo econ\u00f3mico y que va a haber beneficios para combatir la pobreza, que va a haber creaci\u00f3n de empleos y que a la poblaci\u00f3n le va a ir bien, esa es la primera de las mentiras con las que llegan las empresas mineras a cada una de las regiones\u201d.<\/p>\n\n\n\n<p>Mencion\u00f3 que en el municipio de Ixtacamaxtitl\u00e1n, estado de Puebla, la minera \u201cGorri\u00f3n\u201d, asociada a una empresa canadiense, pretend\u00edan hacer la mina de oro m\u00e1s grande Am\u00e9rica Latina, donde la superficie concesionada ser\u00eda del tama\u00f1o de la ciudad de Xalapa.<\/p>\n\n\n\n<p>Sin embargo, posteriormente este proyecto sigui\u00f3 expandi\u00e9ndose, mientras se autorizaban los Manifiestos de Impacto Ambiental e intentaban frenar los conflictos con los pobladores que conformaron un frente social de combate a la miner\u00eda t\u00f3xica.<\/p>\n\n\n\n<p>\u201cMientras se daba ese conflicto, la minera agrand\u00f3 la superficie, hoy la mina en Ixtacamaxtitl\u00e1n tiene el tama\u00f1o, al menos de los planos para as\u00ed hacerse, del tama\u00f1o de la Ciudad de Puebla, tres veces m\u00e1s grande que en un inicio\u201d.<\/p>\n\n\n\n<p>Jes\u00fas Lemus critic\u00f3 que la Ley Minera no contemple, de manera \u201cma\u00f1osa\u201d, que al momento de otorgarse el permiso a las mineras, se \u201ccongele\u201d la expansi\u00f3n del proyecto.<\/p>\n\n\n\n<p><strong>RESISTENCIA CIVIL<\/strong><\/p>\n\n\n\n<p>El escritor felicit\u00f3 a los pobladores de Actopan por encabezar un movimiento de resistencia civil contra la miner\u00eda a cielo abierto en el territorio Veracruzano.<\/p>\n\n\n\n<p>Cabe recordar que en la zona costera, cerca de la Planta Nucleoel\u00e9ctrica de Laguna Verde, est\u00e1n vigentes los proyectos mineros \u201cLa Paila\u201d y \u201cEl Cobre\u201d, en Alto Lucero y Actopan, respectivamente.<\/p>\n\n\n\n<p>De manera reciente, la empresa canadiense Candelaria Mining, que busca extraer plata y oro del cerro \u201cLa Paila\u201d, en Alto Lucero, inform\u00f3 en su p\u00e1gina oficial que reactivar\u00e1 operaciones a partir del 31 de octubre.<\/p>\n\n\n\n<p>Por tal motivo, los pobladores y activistas anunciaron que emprender\u00e1n una serie de protestas para impedir que las mineras destruyan el entorno ecol\u00f3gico y acaban con el agua.<\/p>\n\n\n\n<p>La tarde del s\u00e1bado, los pobladores y activistas se reunieron en una galera de Tinajistas, donde enfatizaron los riesgos que implican dichos proyectos para el medio ambiente y el territorio.<\/p>\n","protected":false},"excerpt":{"rendered":"<p>Juan Arcos Actopan, Ver.- El periodista y escritor Jes\u00fas Lemus Barajas se sum\u00f3 a la lucha de pobladores y ambientalistas en contra de los proyectos de miner\u00eda a cielo abierto que est\u00e1n vigentes en los municipios de Actopan y Alto Lucero, en la zona costera de Veracruz. El autor de los libros \u201cLos Malditos\u201d y [&hellip;]<\/p>\n","protected":false},"author":1,"featured_media":19212,"comment_status":"open","ping_status":"open","sticky":false,"template":"","format":"standard","meta":{"_jetpack_memberships_contains_paid_content":false,"footnotes":""},"categories":[8],"tags":[],"class_list":["post-19211","post","type-post","status-publish","format-standard","has-post-thumbnail","hentry","category-region"],"jetpack_featured_media_url":"https:\/\/encuentroinformativo.com.mx\/wp-content\/uploads\/2021\/10\/7143553D-D411-4D75-9BA0-0F1994A09FF1.jpeg","jetpack_sharing_enabled":true,"jetpack_likes_enabled":true,"amp_enabled":true,"_links":{"self":[{"href":"https:\/\/encuentroinformativo.com.mx\/index.php?rest_route=\/wp\/v2\/posts\/19211","targetHints":{"allow":["GET"]}}],"collection":[{"href":"https:\/\/encuentroinformativo.com.mx\/index.php?rest_route=\/wp\/v2\/posts"}],"about":[{"href":"https:\/\/encuentroinformativo.com.mx\/index.php?rest_route=\/wp\/v2\/types\/post"}],"author":[{"embeddable":true,"href":"https:\/\/encuentroinformativo.com.mx\/index.php?rest_route=\/wp\/v2\/users\/1"}],"replies":[{"embeddable":true,"href":"https:\/\/encuentroinformativo.com.mx\/index.php?rest_route=%2Fwp%2Fv2%2Fcomments&post=19211"}],"version-history":[{"count":1,"href":"https:\/\/encuentroinformativo.com.mx\/index.php?rest_route=\/wp\/v2\/posts\/19211\/revisions"}],"predecessor-version":[{"id":19213,"href":"https:\/\/encuentroinformativo.com.mx\/index.php?rest_route=\/wp\/v2\/posts\/19211\/revisions\/19213"}],"wp:featuredmedia":[{"embeddable":true,"href":"https:\/\/encuentroinformativo.com.mx\/index.php?rest_route=\/wp\/v2\/media\/19212"}],"wp:attachment":[{"href":"https:\/\/encuentroinformativo.com.mx\/index.php?rest_route=%2Fwp%2Fv2%2Fmedia&parent=19211"}],"wp:term":[{"taxonomy":"category","embeddable":true,"href":"https:\/\/encuentroinformativo.com.mx\/index.php?rest_route=%2Fwp%2Fv2%2Fcategories&post=19211"},{"taxonomy":"post_tag","embeddable":true,"href":"https:\/\/encuentroinformativo.com.mx\/index.php?rest_route=%2Fwp%2Fv2%2Ftags&post=19211"}],"curies":[{"name":"wp","href":"https:\/\/api.w.org\/{rel}","templated":true}]}}