{"id":19219,"date":"2021-10-10T19:12:22","date_gmt":"2021-10-11T00:12:22","guid":{"rendered":"https:\/\/encuentroinformativo.com.mx\/?p=19219"},"modified":"2021-10-10T19:12:26","modified_gmt":"2021-10-11T00:12:26","slug":"preocupa-a-pescadores-nueva-sequia-en-laguna-de-el-farallon","status":"publish","type":"post","link":"https:\/\/encuentroinformativo.com.mx\/?p=19219","title":{"rendered":"Preocupa a pescadores nueva sequ\u00eda en laguna de El Farall\u00f3n"},"content":{"rendered":"\n<p><strong>Juan Arcos <\/strong><\/p>\n\n\n\n<p>Xalapa, Ver.- El pasto comenz\u00f3 a crecer y expandirse de forma acelerada sobre donde alg\u00fan d\u00eda hab\u00eda agua en la Laguna de El Farall\u00f3n, ubicada en el municipio de Actopan, en la zona costera de Veracruz.<\/p>\n\n\n\n<p>En abril pasado, los pescadores de la zona reportaron que el cuerpo de agua se hab\u00eda secado en un 90 por ciento, debido a la falta de lluvias y la extracci\u00f3n ilegal para el abastecimiento de ranchos y proyectos mineros a cielo abierto.<\/p>\n\n\n\n<p>Despu\u00e9s, en junio, el humedal comenz\u00f3 a recuperarse y el agua alcanz\u00f3 40 de las 180 hect\u00e1reas que comprend\u00eda la totalidad de su superficie. Por ello, como un acto de esperanza, ni\u00f1as y ni\u00f1os, hijos de los pescadores, liberaron 2 mil alevines o cr\u00edas de mojarra.<\/p>\n\n\n\n<p>Apenas el pasado lunes 4 de octubre, los menores repitieron la acci\u00f3n, liberando 30 mil cr\u00edas para dar vida a la laguna y recuperar la actividad pesquera, de la cual dependen los pobladores del sitio.<\/p>\n\n\n\n<p>Sin embargo, cuatro d\u00edas despu\u00e9s, la laguna otra vez se qued\u00f3 casi sin agua. Las aves rapaces que migran en estas fechas de norte a sur, se observan de pie sobre el agua, en medio del humedad, donde hasta hace unos a\u00f1os, hab\u00eda una profundidad de diez metros.<\/p>\n\n\n\n<p>De acuerdo con Manolo Acosta Dom\u00ednguez, presidente de la Sociedad Cooperativa de Pescadores de El Farall\u00f3n-El Llano, las precipitaciones han disminuido en las \u00faltimas semanas en la zona, reduciendo de forma dr\u00e1stica el nivel del agua en la laguna.<\/p>\n\n\n\n<p>El l\u00edder de los pescadores estima que, si el problema persiste, el cuerpo de agua podr\u00eda secarse en su totalidad, en unos 30 d\u00edas.<\/p>\n\n\n\n<p>\u201cEs lamentable porque se le acaban de ingresar al agua un cultivo de alevines de 30 mil peque\u00f1os y miren, en menos de ocho d\u00edas todo lo que ha descendido, el agua llegaba a la orilla del pasto. Empez\u00f3 a descender de antier para ac\u00e1 (jueves), no sabemos si por el aire (viento), ustedes pueden ver que la humedad se encuentra en la orilla todav\u00eda\u201d, expres\u00f3.<\/p>\n\n\n\n<p>El nivel del agua baj\u00f3 aproximadamente el 20 por ciento, en comparaci\u00f3n con semanas anteriores, donde el fango ahora puede pisarse en la orilla y pareciera arena movediza, quedando parte de los pies enterrados.<\/p>\n\n\n\n<p>\u201cTenemos m\u00e1s de ocho meses o un a\u00f1o que no se cosecha nada aqu\u00ed en la laguna, precisamente porque empez\u00f3 a desecarse y ya no se pudo. Ten\u00edamos esperanzas de que en el tiempo de lluvia se recuperaran y por eso le ingresamos alevines, pero vemos que dr\u00e1sticamente sigue bajando, esos alevines, si sigue as\u00ed, van a morir\u201d, lament\u00f3 el pescador.<\/p>\n\n\n\n<p>El agua solo se observa en unas 60 de las 180 hect\u00e1reas de la superficie del humedal, pero con una profundidad m\u00e1xima de un metro, lo que impide que sea reactivada la pesca.<\/p>\n\n\n\n<p>A la laguna se ingresa por la carretera Cardel-Nautla, mejor conocida como Costera del Golfo, y se encuentra entre las comunidades La Mancha y Villa Rica, muy cerca de la Central Nucleoel\u00e9ctrica de Laguna Verde.<\/p>\n","protected":false},"excerpt":{"rendered":"<p>Juan Arcos Xalapa, Ver.- El pasto comenz\u00f3 a crecer y expandirse de forma acelerada sobre donde alg\u00fan d\u00eda hab\u00eda agua en la Laguna de El Farall\u00f3n, ubicada en el municipio de Actopan, en la zona costera de Veracruz. En abril pasado, los pescadores de la zona reportaron que el cuerpo de agua se hab\u00eda secado [&hellip;]<\/p>\n","protected":false},"author":1,"featured_media":19215,"comment_status":"open","ping_status":"open","sticky":false,"template":"","format":"standard","meta":{"_jetpack_memberships_contains_paid_content":false,"footnotes":""},"categories":[8],"tags":[],"class_list":["post-19219","post","type-post","status-publish","format-standard","has-post-thumbnail","hentry","category-region"],"jetpack_featured_media_url":"https:\/\/encuentroinformativo.com.mx\/wp-content\/uploads\/2021\/10\/5316A834-DD75-43E0-B4B1-CCAB283C95E6.jpeg","jetpack_sharing_enabled":true,"jetpack_likes_enabled":true,"amp_enabled":true,"_links":{"self":[{"href":"https:\/\/encuentroinformativo.com.mx\/index.php?rest_route=\/wp\/v2\/posts\/19219","targetHints":{"allow":["GET"]}}],"collection":[{"href":"https:\/\/encuentroinformativo.com.mx\/index.php?rest_route=\/wp\/v2\/posts"}],"about":[{"href":"https:\/\/encuentroinformativo.com.mx\/index.php?rest_route=\/wp\/v2\/types\/post"}],"author":[{"embeddable":true,"href":"https:\/\/encuentroinformativo.com.mx\/index.php?rest_route=\/wp\/v2\/users\/1"}],"replies":[{"embeddable":true,"href":"https:\/\/encuentroinformativo.com.mx\/index.php?rest_route=%2Fwp%2Fv2%2Fcomments&post=19219"}],"version-history":[{"count":1,"href":"https:\/\/encuentroinformativo.com.mx\/index.php?rest_route=\/wp\/v2\/posts\/19219\/revisions"}],"predecessor-version":[{"id":19220,"href":"https:\/\/encuentroinformativo.com.mx\/index.php?rest_route=\/wp\/v2\/posts\/19219\/revisions\/19220"}],"wp:featuredmedia":[{"embeddable":true,"href":"https:\/\/encuentroinformativo.com.mx\/index.php?rest_route=\/wp\/v2\/media\/19215"}],"wp:attachment":[{"href":"https:\/\/encuentroinformativo.com.mx\/index.php?rest_route=%2Fwp%2Fv2%2Fmedia&parent=19219"}],"wp:term":[{"taxonomy":"category","embeddable":true,"href":"https:\/\/encuentroinformativo.com.mx\/index.php?rest_route=%2Fwp%2Fv2%2Fcategories&post=19219"},{"taxonomy":"post_tag","embeddable":true,"href":"https:\/\/encuentroinformativo.com.mx\/index.php?rest_route=%2Fwp%2Fv2%2Ftags&post=19219"}],"curies":[{"name":"wp","href":"https:\/\/api.w.org\/{rel}","templated":true}]}}