{"id":19221,"date":"2021-10-10T19:21:01","date_gmt":"2021-10-11T00:21:01","guid":{"rendered":"https:\/\/encuentroinformativo.com.mx\/?p=19221"},"modified":"2021-10-10T19:21:04","modified_gmt":"2021-10-11T00:21:04","slug":"acusan-infiltrados-en-reunion-contra-mineria-toxica","status":"publish","type":"post","link":"https:\/\/encuentroinformativo.com.mx\/?p=19221","title":{"rendered":"Acusan \u201cinfiltrados\u201d en reuni\u00f3n contra miner\u00eda t\u00f3xica"},"content":{"rendered":"\n<p><strong>Juan Arcos<\/strong><\/p>\n\n\n\n<p>Actopan, Ver.- Sujetos desconocidos se hicieron pasar como reporteros de Janet cadena televisiva y captaron im\u00e1genes de los rostros de todas las personas que participaron en la protesta de activistas y pobladores contra la miner\u00eda a cielo abierto en Tinajitas, municipio de Actopan.<\/p>\n\n\n\n<p>El evento dio inicio despu\u00e9s de las 16:00 horas en una galera, ubicada sobre la carretera conocida como \u201centronque Tinajitas\u201d, donde estuvieron presentes decenas de personas.<\/p>\n\n\n\n<p>Los presuntos reporteros, quienes no portaban uniformes, micr\u00f3fonos ni identificaciones de la cadena televisiva, arribaron al sitio despu\u00e9s de las 17:30 horas en una camioneta particular, \u00faltimo modelo, con placas del Estado de Puebla.<\/p>\n\n\n\n<p>Al llegar a la puerta de la galera, donde se encontraba la mesa de registro para llevar un control de los asistentes, los dos sujetos se presentaron como reporteros de la empresa mencionada.<\/p>\n\n\n\n<p>\u201cSomos de Televisa, venimos a hacer un documental de p\u00e1jaros\u201d, expresaron a la persona a cargo de las listas de registro.\u00a0<br>Portaban una videoc\u00e1mara profesional y una mini c\u00e1mara Go-pro con las que captaron a los ambientalistas, ejidatarios y hasta los reporteros que daban cobertura al evento.<\/p>\n\n\n\n<p>Los organizadores del encuentro cultural y social en contra de la miner\u00eda t\u00f3xica comentaron que siempre es notoria la presencia de informantes u \u201corejas\u201d cuando llevan a cabo acciones contra los proyectos mineros.<\/p>\n","protected":false},"excerpt":{"rendered":"<p>Juan Arcos Actopan, Ver.- Sujetos desconocidos se hicieron pasar como reporteros de Janet cadena televisiva y captaron im\u00e1genes de los rostros de todas las personas que participaron en la protesta de activistas y pobladores contra la miner\u00eda a cielo abierto en Tinajitas, municipio de Actopan. El evento dio inicio despu\u00e9s de las 16:00 horas en [&hellip;]<\/p>\n","protected":false},"author":1,"featured_media":19222,"comment_status":"open","ping_status":"open","sticky":false,"template":"","format":"standard","meta":{"_jetpack_memberships_contains_paid_content":false,"footnotes":""},"categories":[8],"tags":[],"class_list":["post-19221","post","type-post","status-publish","format-standard","has-post-thumbnail","hentry","category-region"],"jetpack_featured_media_url":"https:\/\/encuentroinformativo.com.mx\/wp-content\/uploads\/2021\/10\/9B89D028-F514-4B4A-975A-FC693B71C7CD.jpeg","jetpack_sharing_enabled":true,"jetpack_likes_enabled":true,"amp_enabled":true,"_links":{"self":[{"href":"https:\/\/encuentroinformativo.com.mx\/index.php?rest_route=\/wp\/v2\/posts\/19221","targetHints":{"allow":["GET"]}}],"collection":[{"href":"https:\/\/encuentroinformativo.com.mx\/index.php?rest_route=\/wp\/v2\/posts"}],"about":[{"href":"https:\/\/encuentroinformativo.com.mx\/index.php?rest_route=\/wp\/v2\/types\/post"}],"author":[{"embeddable":true,"href":"https:\/\/encuentroinformativo.com.mx\/index.php?rest_route=\/wp\/v2\/users\/1"}],"replies":[{"embeddable":true,"href":"https:\/\/encuentroinformativo.com.mx\/index.php?rest_route=%2Fwp%2Fv2%2Fcomments&post=19221"}],"version-history":[{"count":1,"href":"https:\/\/encuentroinformativo.com.mx\/index.php?rest_route=\/wp\/v2\/posts\/19221\/revisions"}],"predecessor-version":[{"id":19223,"href":"https:\/\/encuentroinformativo.com.mx\/index.php?rest_route=\/wp\/v2\/posts\/19221\/revisions\/19223"}],"wp:featuredmedia":[{"embeddable":true,"href":"https:\/\/encuentroinformativo.com.mx\/index.php?rest_route=\/wp\/v2\/media\/19222"}],"wp:attachment":[{"href":"https:\/\/encuentroinformativo.com.mx\/index.php?rest_route=%2Fwp%2Fv2%2Fmedia&parent=19221"}],"wp:term":[{"taxonomy":"category","embeddable":true,"href":"https:\/\/encuentroinformativo.com.mx\/index.php?rest_route=%2Fwp%2Fv2%2Fcategories&post=19221"},{"taxonomy":"post_tag","embeddable":true,"href":"https:\/\/encuentroinformativo.com.mx\/index.php?rest_route=%2Fwp%2Fv2%2Ftags&post=19221"}],"curies":[{"name":"wp","href":"https:\/\/api.w.org\/{rel}","templated":true}]}}