{"id":19226,"date":"2021-10-11T09:55:22","date_gmt":"2021-10-11T14:55:22","guid":{"rendered":"https:\/\/encuentroinformativo.com.mx\/?p=19226"},"modified":"2021-10-11T09:55:26","modified_gmt":"2021-10-11T14:55:26","slug":"protestan-padres-y-maestros-en-kinder-rechazan-regreso-de-ex-directora","status":"publish","type":"post","link":"https:\/\/encuentroinformativo.com.mx\/?p=19226","title":{"rendered":"Protestan padres y maestros en k\u00ednder; rechazan regreso de ex directora"},"content":{"rendered":"\n<p><strong>Juan Arcos<\/strong><\/p>\n\n\n\n<p>Xalapa, Ver.- Trabajadores y docentes tomaron el jard\u00edn de ni\u00f1os \u201cEsperanza Osorio\u201d, en rechazo a que la maestra Alejandra Cort\u00e9s Nadal regrese al cargo de directora en el plantel, pues se\u00f1alan que ha sido prepotente y omisa en sus funciones.<\/p>\n\n\n\n<p>Los inconformes tomaron las instalaciones, ubicadas sobre la calle Jos\u00e9 Mar\u00eda Mata casi esquina con Bremont, en el centro de Xalapa, despu\u00e9s de las ocho de la ma\u00f1ana, para exigir a las autoridades educativas que permanezca como directora Yazmin D\u00edaz Zavaleta.<\/p>\n\n\n\n<p>De acuerdo con la profesora Gladys Aime\u00e9 Ramos Bonifaz, la maestra Cort\u00e9s Nadal fue retirada del cargo en el a\u00f1o 2016, tras el incidente con una alumna que sufri\u00f3 un desmayo y tuvo secuelas cerebrales por falta de atenci\u00f3n inmediata.<\/p>\n\n\n\n<p>\u201cSolicitamos el apoyo de las autoridades para que Alejandra Cort\u00e9z Nadal no regrese a esta instituci\u00f3n de manera permanente\u201d, se lee en una cartulina que colocaron en la puerta principal del preescolar.<\/p>\n\n\n\n<p>La profesora tambi\u00e9n fue se\u00f1alada desde ese entonces de descuidar tanto a los estudiantes como al plantel.<\/p>\n\n\n\n<p>La entrevistada se\u00f1al\u00f3 que Alejandra Cort\u00e9s Nadal ha insistido en volver al cargo, bajo el argumento de que la supervisora escolar Eva Mar\u00eda la respalda ante la Secretar\u00eda de Educaci\u00f3n de Veracruz (SEV).<\/p>\n\n\n\n<p>Los trabajadores exigieron una audiencia con las autoridades educativas para solucionar la problem\u00e1tica. Adem\u00e1s, amagaron con mantener tomado el jard\u00edn de ni\u00f1os hasta recibir una respuesta favorable.<\/p>\n\n\n\n<figure class=\"wp-block-image size-large\"><img loading=\"lazy\" decoding=\"async\" width=\"1024\" height=\"768\" src=\"https:\/\/encuentroinformativo.com.mx\/wp-content\/uploads\/2021\/10\/047C2867-3966-4BEB-9163-E537AD455F0D-1024x768.jpeg\" alt=\"\" class=\"wp-image-19228\" srcset=\"https:\/\/encuentroinformativo.com.mx\/wp-content\/uploads\/2021\/10\/047C2867-3966-4BEB-9163-E537AD455F0D-1024x768.jpeg 1024w, https:\/\/encuentroinformativo.com.mx\/wp-content\/uploads\/2021\/10\/047C2867-3966-4BEB-9163-E537AD455F0D-300x225.jpeg 300w, https:\/\/encuentroinformativo.com.mx\/wp-content\/uploads\/2021\/10\/047C2867-3966-4BEB-9163-E537AD455F0D-768x576.jpeg 768w, https:\/\/encuentroinformativo.com.mx\/wp-content\/uploads\/2021\/10\/047C2867-3966-4BEB-9163-E537AD455F0D-1536x1152.jpeg 1536w, https:\/\/encuentroinformativo.com.mx\/wp-content\/uploads\/2021\/10\/047C2867-3966-4BEB-9163-E537AD455F0D.jpeg 2016w\" sizes=\"auto, (max-width: 1024px) 100vw, 1024px\" \/><\/figure>\n","protected":false},"excerpt":{"rendered":"<p>Juan Arcos Xalapa, Ver.- Trabajadores y docentes tomaron el jard\u00edn de ni\u00f1os \u201cEsperanza Osorio\u201d, en rechazo a que la maestra Alejandra Cort\u00e9s Nadal regrese al cargo de directora en el plantel, pues se\u00f1alan que ha sido prepotente y omisa en sus funciones. Los inconformes tomaron las instalaciones, ubicadas sobre la calle Jos\u00e9 Mar\u00eda Mata casi [&hellip;]<\/p>\n","protected":false},"author":1,"featured_media":19227,"comment_status":"open","ping_status":"open","sticky":false,"template":"","format":"standard","meta":{"_jetpack_memberships_contains_paid_content":false,"footnotes":""},"categories":[3],"tags":[],"class_list":["post-19226","post","type-post","status-publish","format-standard","has-post-thumbnail","hentry","category-xalapa"],"jetpack_featured_media_url":"https:\/\/encuentroinformativo.com.mx\/wp-content\/uploads\/2021\/10\/FCCC626A-EC62-4F00-8E9C-01CBD09CFCF1.jpeg","jetpack_sharing_enabled":true,"jetpack_likes_enabled":true,"amp_enabled":true,"_links":{"self":[{"href":"https:\/\/encuentroinformativo.com.mx\/index.php?rest_route=\/wp\/v2\/posts\/19226","targetHints":{"allow":["GET"]}}],"collection":[{"href":"https:\/\/encuentroinformativo.com.mx\/index.php?rest_route=\/wp\/v2\/posts"}],"about":[{"href":"https:\/\/encuentroinformativo.com.mx\/index.php?rest_route=\/wp\/v2\/types\/post"}],"author":[{"embeddable":true,"href":"https:\/\/encuentroinformativo.com.mx\/index.php?rest_route=\/wp\/v2\/users\/1"}],"replies":[{"embeddable":true,"href":"https:\/\/encuentroinformativo.com.mx\/index.php?rest_route=%2Fwp%2Fv2%2Fcomments&post=19226"}],"version-history":[{"count":1,"href":"https:\/\/encuentroinformativo.com.mx\/index.php?rest_route=\/wp\/v2\/posts\/19226\/revisions"}],"predecessor-version":[{"id":19229,"href":"https:\/\/encuentroinformativo.com.mx\/index.php?rest_route=\/wp\/v2\/posts\/19226\/revisions\/19229"}],"wp:featuredmedia":[{"embeddable":true,"href":"https:\/\/encuentroinformativo.com.mx\/index.php?rest_route=\/wp\/v2\/media\/19227"}],"wp:attachment":[{"href":"https:\/\/encuentroinformativo.com.mx\/index.php?rest_route=%2Fwp%2Fv2%2Fmedia&parent=19226"}],"wp:term":[{"taxonomy":"category","embeddable":true,"href":"https:\/\/encuentroinformativo.com.mx\/index.php?rest_route=%2Fwp%2Fv2%2Fcategories&post=19226"},{"taxonomy":"post_tag","embeddable":true,"href":"https:\/\/encuentroinformativo.com.mx\/index.php?rest_route=%2Fwp%2Fv2%2Ftags&post=19226"}],"curies":[{"name":"wp","href":"https:\/\/api.w.org\/{rel}","templated":true}]}}