{"id":19230,"date":"2021-10-11T10:44:39","date_gmt":"2021-10-11T15:44:39","guid":{"rendered":"https:\/\/encuentroinformativo.com.mx\/?p=19230"},"modified":"2021-10-11T10:44:43","modified_gmt":"2021-10-11T15:44:43","slug":"reclaman-concluir-obras-en-jardin-de-ninos-2","status":"publish","type":"post","link":"https:\/\/encuentroinformativo.com.mx\/?p=19230","title":{"rendered":"Reclaman concluir obras en jard\u00edn de ni\u00f1os"},"content":{"rendered":"\n<p><strong>Juan Arcos<\/strong><\/p>\n\n\n\n<p>Xalapa, Ver.- Padres de familia y alumnos del jard\u00edn de ni\u00f1os \u201cGenoveva Cort\u00e9s\u201d protestaron frente a Palacio de Gobierno para exigir que sea terminada la obra de rehabilitaci\u00f3n del plantel.<\/p>\n\n\n\n<p>Los quejosos recordaron que el pasado 20 de septiembre protestaron en las oficinas centrales de la Secretar\u00eda de Educaci\u00f3n de Veracruz (SEV), donde fueron atendidos personalmente por el titular de la dependencia Zenyazen Escobar Garc\u00eda, quien instruy\u00f3 a sus empleados que fuera solucionado el problema.<\/p>\n\n\n\n<p>Dos d\u00edas despu\u00e9s, el personal de la constructora acudi\u00f3 a la escuela y se comprometi\u00f3 a reanudar los trabajos; sin embargo, hasta el momento no han cumplido.<\/p>\n\n\n\n<p>De acuerdo con el padre de familia Adair Aguirre Calte, la escuela ser\u00eda reparada mediante el programa Escuelas al Cien, pero el Instituto de Espacios Educativos dej\u00f3 de otorgar lo recursos econ\u00f3micos a la empresa para que continuara los trabajos.<\/p>\n\n\n\n<p>El entrevistado se\u00f1al\u00f3 que fueron 640 mil pesos que se destinar\u00edan al mantenimiento del jard\u00edn de ni\u00f1os.<\/p>\n\n\n\n<p>El inmueble se encuentra sobre elCircuito Quetzalcoatl de la colonia Moctezuma, en la Reserva Territorial de Xalapa, y la obra qued\u00f3 abandonada desde el pasado 15 de julio, lo que ha impedido el regreso a clases presenciales.<\/p>\n\n\n\n<p>La escuela carece de agua potable, energ\u00eda el\u00e9ctrica, sanitarios, lavabos y la malla perimetral est\u00e1 destruida.<\/p>\n\n\n\n<p>En ese sentido, exigieron que se reanude la obra para que los 120 ni\u00f1as y ni\u00f1os puedan retomar sus estudios de manera presencial.<\/p>\n\n\n\n<p>Los quejosos fueron recibidos en Palacio de Gobierno para dialogar con autoridades en busca de que sean atendidas sus demandas.<\/p>\n","protected":false},"excerpt":{"rendered":"<p>Juan Arcos Xalapa, Ver.- Padres de familia y alumnos del jard\u00edn de ni\u00f1os \u201cGenoveva Cort\u00e9s\u201d protestaron frente a Palacio de Gobierno para exigir que sea terminada la obra de rehabilitaci\u00f3n del plantel. Los quejosos recordaron que el pasado 20 de septiembre protestaron en las oficinas centrales de la Secretar\u00eda de Educaci\u00f3n de Veracruz (SEV), donde [&hellip;]<\/p>\n","protected":false},"author":1,"featured_media":19231,"comment_status":"open","ping_status":"open","sticky":false,"template":"","format":"standard","meta":{"_jetpack_memberships_contains_paid_content":false,"footnotes":""},"categories":[3],"tags":[],"class_list":["post-19230","post","type-post","status-publish","format-standard","has-post-thumbnail","hentry","category-xalapa"],"jetpack_featured_media_url":"https:\/\/encuentroinformativo.com.mx\/wp-content\/uploads\/2021\/10\/749920AB-5C30-447F-B754-6A10F0507D37.jpeg","jetpack_sharing_enabled":true,"jetpack_likes_enabled":true,"amp_enabled":true,"_links":{"self":[{"href":"https:\/\/encuentroinformativo.com.mx\/index.php?rest_route=\/wp\/v2\/posts\/19230","targetHints":{"allow":["GET"]}}],"collection":[{"href":"https:\/\/encuentroinformativo.com.mx\/index.php?rest_route=\/wp\/v2\/posts"}],"about":[{"href":"https:\/\/encuentroinformativo.com.mx\/index.php?rest_route=\/wp\/v2\/types\/post"}],"author":[{"embeddable":true,"href":"https:\/\/encuentroinformativo.com.mx\/index.php?rest_route=\/wp\/v2\/users\/1"}],"replies":[{"embeddable":true,"href":"https:\/\/encuentroinformativo.com.mx\/index.php?rest_route=%2Fwp%2Fv2%2Fcomments&post=19230"}],"version-history":[{"count":1,"href":"https:\/\/encuentroinformativo.com.mx\/index.php?rest_route=\/wp\/v2\/posts\/19230\/revisions"}],"predecessor-version":[{"id":19232,"href":"https:\/\/encuentroinformativo.com.mx\/index.php?rest_route=\/wp\/v2\/posts\/19230\/revisions\/19232"}],"wp:featuredmedia":[{"embeddable":true,"href":"https:\/\/encuentroinformativo.com.mx\/index.php?rest_route=\/wp\/v2\/media\/19231"}],"wp:attachment":[{"href":"https:\/\/encuentroinformativo.com.mx\/index.php?rest_route=%2Fwp%2Fv2%2Fmedia&parent=19230"}],"wp:term":[{"taxonomy":"category","embeddable":true,"href":"https:\/\/encuentroinformativo.com.mx\/index.php?rest_route=%2Fwp%2Fv2%2Fcategories&post=19230"},{"taxonomy":"post_tag","embeddable":true,"href":"https:\/\/encuentroinformativo.com.mx\/index.php?rest_route=%2Fwp%2Fv2%2Ftags&post=19230"}],"curies":[{"name":"wp","href":"https:\/\/api.w.org\/{rel}","templated":true}]}}