{"id":19233,"date":"2021-10-11T14:26:30","date_gmt":"2021-10-11T19:26:30","guid":{"rendered":"https:\/\/encuentroinformativo.com.mx\/?p=19233"},"modified":"2021-10-11T14:26:32","modified_gmt":"2021-10-11T19:26:32","slug":"habra-desfile-de-catrinas-en-veracruz-puerto","status":"publish","type":"post","link":"https:\/\/encuentroinformativo.com.mx\/?p=19233","title":{"rendered":"Habr\u00e1 Desfile de Catrinas en Veracruz puerto"},"content":{"rendered":"\n<p><strong>Alejandro \u00c1vila<\/strong><\/p>\n\n\n\n<p>Veracruz, Ver.- El director de Turismo del Ayuntamiento de Veracruz, Jos\u00e9 Antonio Salvatori Arjona, mencion\u00f3 que se tiene casi completado el programa de actividades para los festejos del D\u00eda de Muertos, mismos que se llevar\u00e1n a cabo del jueves 28 de octubre al martes 2 de noviembre.<\/p>\n\n\n\n<p>Mencion\u00f3 que el jueves 28 de octubre se realizar\u00e1 un tapete de acerr\u00edn en el Recinto de la Reforma; el viernes 29 habr\u00e1 dos funciones de &#8220;Noche de Leyendas&#8221; a las 18 y 20 horas en el teatro &#8220;Francisco Javier Clavijero&#8221;; el s\u00e1bado 30 se presentar\u00e1 una muestra en el z\u00f3calo de la ciudad de Globos Monumentales de expositores de San Andr\u00e9s Tuxtla; el domingo 31 se llevar\u00e1 a cabo el &#8220;Desfile de Catrinas&#8221; en la avenida Independencia.<\/p>\n\n\n\n<p>&#8220;Alrededor de unas 200 personas van a desfilar, todos caracterizados de Catrinas, celebrando lo que son las fiestas del d\u00eda de muertos. Y ese mismo d\u00eda a las 6 de la tarde va a haber un concurso de Catrinas, el ya tradicional en donde muchos maquillistas participan, ya m\u00e1s adelante se dar\u00e1n las bases para que puedan ver como pueden participar&#8221;, subray\u00f3.<\/p>\n\n\n\n<p>El funcionario municipal, agreg\u00f3 que el d\u00eda lunes 1 de noviembre y martes 2 del noviembre se presentar\u00e1 en el teatro &#8220;Francisco Javier Clavijero&#8221; la puesta en escena del Tenorio; siendo estos los eventos confirmados y se\u00f1al\u00f3 que en proximos d\u00edas se dar\u00e1 a conocer el programa completo<\/p>\n\n\n\n<p>Finalmente, dijo que est\u00e1n analizando regrese nuevamente el Concurso de Altares en bajos del Palacio Municipal; al tiempo que apunt\u00f3 s\u00ed habr\u00e1 decoraci\u00f3n del z\u00f3calo de la ciudad con flores de cempas\u00fachil.<\/p>\n","protected":false},"excerpt":{"rendered":"<p>Alejandro \u00c1vila Veracruz, Ver.- El director de Turismo del Ayuntamiento de Veracruz, Jos\u00e9 Antonio Salvatori Arjona, mencion\u00f3 que se tiene casi completado el programa de actividades para los festejos del D\u00eda de Muertos, mismos que se llevar\u00e1n a cabo del jueves 28 de octubre al martes 2 de noviembre. Mencion\u00f3 que el jueves 28 de [&hellip;]<\/p>\n","protected":false},"author":1,"featured_media":19234,"comment_status":"open","ping_status":"open","sticky":false,"template":"","format":"standard","meta":{"_jetpack_memberships_contains_paid_content":false,"footnotes":""},"categories":[2],"tags":[],"class_list":["post-19233","post","type-post","status-publish","format-standard","has-post-thumbnail","hentry","category-estado"],"jetpack_featured_media_url":"https:\/\/encuentroinformativo.com.mx\/wp-content\/uploads\/2021\/10\/F73D0D18-3E12-4DB1-BFD9-2342917BAF3F.jpeg","jetpack_sharing_enabled":true,"jetpack_likes_enabled":true,"amp_enabled":true,"_links":{"self":[{"href":"https:\/\/encuentroinformativo.com.mx\/index.php?rest_route=\/wp\/v2\/posts\/19233","targetHints":{"allow":["GET"]}}],"collection":[{"href":"https:\/\/encuentroinformativo.com.mx\/index.php?rest_route=\/wp\/v2\/posts"}],"about":[{"href":"https:\/\/encuentroinformativo.com.mx\/index.php?rest_route=\/wp\/v2\/types\/post"}],"author":[{"embeddable":true,"href":"https:\/\/encuentroinformativo.com.mx\/index.php?rest_route=\/wp\/v2\/users\/1"}],"replies":[{"embeddable":true,"href":"https:\/\/encuentroinformativo.com.mx\/index.php?rest_route=%2Fwp%2Fv2%2Fcomments&post=19233"}],"version-history":[{"count":1,"href":"https:\/\/encuentroinformativo.com.mx\/index.php?rest_route=\/wp\/v2\/posts\/19233\/revisions"}],"predecessor-version":[{"id":19235,"href":"https:\/\/encuentroinformativo.com.mx\/index.php?rest_route=\/wp\/v2\/posts\/19233\/revisions\/19235"}],"wp:featuredmedia":[{"embeddable":true,"href":"https:\/\/encuentroinformativo.com.mx\/index.php?rest_route=\/wp\/v2\/media\/19234"}],"wp:attachment":[{"href":"https:\/\/encuentroinformativo.com.mx\/index.php?rest_route=%2Fwp%2Fv2%2Fmedia&parent=19233"}],"wp:term":[{"taxonomy":"category","embeddable":true,"href":"https:\/\/encuentroinformativo.com.mx\/index.php?rest_route=%2Fwp%2Fv2%2Fcategories&post=19233"},{"taxonomy":"post_tag","embeddable":true,"href":"https:\/\/encuentroinformativo.com.mx\/index.php?rest_route=%2Fwp%2Fv2%2Ftags&post=19233"}],"curies":[{"name":"wp","href":"https:\/\/api.w.org\/{rel}","templated":true}]}}