{"id":19236,"date":"2021-10-11T14:40:50","date_gmt":"2021-10-11T19:40:50","guid":{"rendered":"https:\/\/encuentroinformativo.com.mx\/?p=19236"},"modified":"2021-10-11T14:40:54","modified_gmt":"2021-10-11T19:40:54","slug":"escultor-ismael-rodriguez-realizara-exposicion","status":"publish","type":"post","link":"https:\/\/encuentroinformativo.com.mx\/?p=19236","title":{"rendered":"Escultor Ismael Rodr\u00edguez realizar\u00e1  exposici\u00f3n"},"content":{"rendered":"\n<p><strong>Alejandro \u00c1vila<\/strong><\/p>\n\n\n\n<p>Veracruz, Ver.- Con motivo de los festejos del D\u00eda de Muertos y auspiciado por el Ayuntamiento de Veracruz, del 15 de octubre al 15 de noviembre, el escultor Ismael Rodr\u00edguez Rueda, presentar\u00e1 la exposici\u00f3n intinerante de Catrinas de 3 metros, mismas que han estado en toda la rep\u00fablica mexicana y en ciudades de Estados Unidos como Florida.<\/p>\n\n\n\n<p>El artista mencion\u00f3 que en esta ocasi\u00f3n presentar\u00e1 5 modelos, pues cada una de ellas es patrocinada por una empresa privada, a fin de poder colocar su exposici\u00f3n al aire libre para deleite de todo el p\u00fablico, y es la \u00fanica forma de que pueda auto sustentarse su trabajo.<\/p>\n\n\n\n<p>&#8220;La escultura se la queda la empresa y cada a\u00f1o la seguimos poniendo si les interesa o la quieren poner afuera de su negocio, as\u00ed funciona, esto es nuevo para Veracruz, hemos hecho recorrido y hemos tratado de jalar lo m\u00e1s posible, esperemos que a\u00fan llegue un empresario m\u00e1s y no pongamos 5, pongamos 6 o 7, no s\u00e9. Son grandes, son de tres metros, est\u00e1n hechas en fibra de vidrio, se les pone el emblema de la empresa o se visten a veces del municipio, de la gente que le interesa participar y sumarse con nuestro evento&#8221;, destac\u00f3.<\/p>\n\n\n\n<p>Ismael Rodr\u00edguez, mencion\u00f3 que el taller de arte que representa tiene cerca de 30 a\u00f1os realizando obras, pero reconoci\u00f3 que en estos tiempos deben convertirse en &#8220;artistas empresarios contemporaneos&#8221;, los cuales dijo, hoy en d\u00eda son los que tienen m\u00e1s \u00e9xito.<\/p>\n\n\n\n<p>&#8220;Nosotros invitamos a la gente, si nos apoyan esta vez a lo mejor el otro a\u00f1o traemos 50, esta es una especie como de primer evento y lo vamos a ir haciendo m\u00e1s grande, conforme al p\u00fablico le interese y se haga enorme&#8221;, subray\u00f3.<\/p>\n\n\n\n<p>Se\u00f1al\u00f3 que exposiciones de este tipo, tambi\u00e9n tienen de Alebrijes o Jaguares, y en esta ocasi\u00f3n se presentar\u00e1n en el z\u00f3calo de Veracruz y esperan m\u00e1s adelante poder colocarlas en todo el bulevar de Veracruz hasta llegar a Boca del R\u00edo.<\/p>\n","protected":false},"excerpt":{"rendered":"<p>Alejandro \u00c1vila Veracruz, Ver.- Con motivo de los festejos del D\u00eda de Muertos y auspiciado por el Ayuntamiento de Veracruz, del 15 de octubre al 15 de noviembre, el escultor Ismael Rodr\u00edguez Rueda, presentar\u00e1 la exposici\u00f3n intinerante de Catrinas de 3 metros, mismas que han estado en toda la rep\u00fablica mexicana y en ciudades de [&hellip;]<\/p>\n","protected":false},"author":1,"featured_media":19237,"comment_status":"open","ping_status":"open","sticky":false,"template":"","format":"standard","meta":{"_jetpack_memberships_contains_paid_content":false,"footnotes":""},"categories":[2],"tags":[],"class_list":["post-19236","post","type-post","status-publish","format-standard","has-post-thumbnail","hentry","category-estado"],"jetpack_featured_media_url":"https:\/\/encuentroinformativo.com.mx\/wp-content\/uploads\/2021\/10\/AC863825-057B-49C2-AE7D-605771E8E751.jpeg","jetpack_sharing_enabled":true,"jetpack_likes_enabled":true,"amp_enabled":true,"_links":{"self":[{"href":"https:\/\/encuentroinformativo.com.mx\/index.php?rest_route=\/wp\/v2\/posts\/19236","targetHints":{"allow":["GET"]}}],"collection":[{"href":"https:\/\/encuentroinformativo.com.mx\/index.php?rest_route=\/wp\/v2\/posts"}],"about":[{"href":"https:\/\/encuentroinformativo.com.mx\/index.php?rest_route=\/wp\/v2\/types\/post"}],"author":[{"embeddable":true,"href":"https:\/\/encuentroinformativo.com.mx\/index.php?rest_route=\/wp\/v2\/users\/1"}],"replies":[{"embeddable":true,"href":"https:\/\/encuentroinformativo.com.mx\/index.php?rest_route=%2Fwp%2Fv2%2Fcomments&post=19236"}],"version-history":[{"count":1,"href":"https:\/\/encuentroinformativo.com.mx\/index.php?rest_route=\/wp\/v2\/posts\/19236\/revisions"}],"predecessor-version":[{"id":19238,"href":"https:\/\/encuentroinformativo.com.mx\/index.php?rest_route=\/wp\/v2\/posts\/19236\/revisions\/19238"}],"wp:featuredmedia":[{"embeddable":true,"href":"https:\/\/encuentroinformativo.com.mx\/index.php?rest_route=\/wp\/v2\/media\/19237"}],"wp:attachment":[{"href":"https:\/\/encuentroinformativo.com.mx\/index.php?rest_route=%2Fwp%2Fv2%2Fmedia&parent=19236"}],"wp:term":[{"taxonomy":"category","embeddable":true,"href":"https:\/\/encuentroinformativo.com.mx\/index.php?rest_route=%2Fwp%2Fv2%2Fcategories&post=19236"},{"taxonomy":"post_tag","embeddable":true,"href":"https:\/\/encuentroinformativo.com.mx\/index.php?rest_route=%2Fwp%2Fv2%2Ftags&post=19236"}],"curies":[{"name":"wp","href":"https:\/\/api.w.org\/{rel}","templated":true}]}}