{"id":19248,"date":"2021-10-11T15:13:38","date_gmt":"2021-10-11T20:13:38","guid":{"rendered":"https:\/\/encuentroinformativo.com.mx\/?p=19248"},"modified":"2021-10-11T15:13:42","modified_gmt":"2021-10-11T20:13:42","slug":"en-espera-programa-de-vacunacion-covid-12-17-anos","status":"publish","type":"post","link":"https:\/\/encuentroinformativo.com.mx\/?p=19248","title":{"rendered":"En espera programa de vacunaci\u00f3n COVID 12 &#8211; 17 a\u00f1os"},"content":{"rendered":"\n<p><strong>Alejandro \u00c1vila<\/strong><\/p>\n\n\n\n<p>Boca del R\u00edo, Ver.- El Estado de Veracruz est\u00e1 en espera del programa de vacunaci\u00f3n que proyecte el Gobierno Federal para los jovenes de 12 a 17 a\u00f1os, inform\u00f3 el delegado Manuel Huerta Ladr\u00f3n de Guevara.<\/p>\n\n\n\n<p>Mencion\u00f3 que al momento contin\u00faan con el programa ya estipulado, donde esperan antes de que culmine octubre llegar a la media nacional del 70 por ciento de vacunados mayores de 18 a\u00f1os.<\/p>\n\n\n\n<p>&#8220;Lo que tambi\u00e9n aqu\u00ed en Veracruz estamos intentando, con la vacuna que est\u00e1 por llegar de segundas dosis como estas, es que si nos llega la vacuna como esperamos, para estos d\u00edas, para segundas dosis que faltan en otros municipios, inclusive, en cuento el protocolo de vacuna nos permita avanzar, acelerar para que antes de que termine el oto\u00f1o y no al invierno, estemos en condiciones de decir que ya est\u00e1n vacunadas todos los cuadros inmunol\u00f3gicos, inclusive los segundas dosis&#8221;, mencion\u00f3.<\/p>\n\n\n\n<p>El funcionario federal se\u00f1al\u00f3 que siempre existen imponderables en una proyecci\u00f3n laboral, aunque en Veracruz, solo les afect\u00f3 las lluvias torrenciales que cayer\u00f3n el pasado fin de semana en el municipio de Lerdo de Tejada.<\/p>\n\n\n\n<p>&#8220;Hubo un evento en Lerdo de Tejada de lluvia, inundaci\u00f3n, y se suspendio un d\u00eda la vacuna y el d\u00eda de ma\u00f1ana se va a hacer en Lerdo de Tejada, es lo m\u00e1s que la verdad ha sido la imponderable, la verdad todos los dem\u00e1s han sido resueltos porque la verdad el pueblo veracruzano es muy disciplinado&#8221;, apunt\u00f3.<\/p>\n","protected":false},"excerpt":{"rendered":"<p>Alejandro \u00c1vila Boca del R\u00edo, Ver.- El Estado de Veracruz est\u00e1 en espera del programa de vacunaci\u00f3n que proyecte el Gobierno Federal para los jovenes de 12 a 17 a\u00f1os, inform\u00f3 el delegado Manuel Huerta Ladr\u00f3n de Guevara. Mencion\u00f3 que al momento contin\u00faan con el programa ya estipulado, donde esperan antes de que culmine octubre [&hellip;]<\/p>\n","protected":false},"author":1,"featured_media":19249,"comment_status":"open","ping_status":"open","sticky":false,"template":"","format":"standard","meta":{"_jetpack_memberships_contains_paid_content":false,"footnotes":""},"categories":[9],"tags":[],"class_list":["post-19248","post","type-post","status-publish","format-standard","has-post-thumbnail","hentry","category-salud"],"jetpack_featured_media_url":"https:\/\/encuentroinformativo.com.mx\/wp-content\/uploads\/2021\/10\/B153C1B8-6DC1-4E45-826B-338610657CB4.jpeg","jetpack_sharing_enabled":true,"jetpack_likes_enabled":true,"amp_enabled":true,"_links":{"self":[{"href":"https:\/\/encuentroinformativo.com.mx\/index.php?rest_route=\/wp\/v2\/posts\/19248","targetHints":{"allow":["GET"]}}],"collection":[{"href":"https:\/\/encuentroinformativo.com.mx\/index.php?rest_route=\/wp\/v2\/posts"}],"about":[{"href":"https:\/\/encuentroinformativo.com.mx\/index.php?rest_route=\/wp\/v2\/types\/post"}],"author":[{"embeddable":true,"href":"https:\/\/encuentroinformativo.com.mx\/index.php?rest_route=\/wp\/v2\/users\/1"}],"replies":[{"embeddable":true,"href":"https:\/\/encuentroinformativo.com.mx\/index.php?rest_route=%2Fwp%2Fv2%2Fcomments&post=19248"}],"version-history":[{"count":1,"href":"https:\/\/encuentroinformativo.com.mx\/index.php?rest_route=\/wp\/v2\/posts\/19248\/revisions"}],"predecessor-version":[{"id":19250,"href":"https:\/\/encuentroinformativo.com.mx\/index.php?rest_route=\/wp\/v2\/posts\/19248\/revisions\/19250"}],"wp:featuredmedia":[{"embeddable":true,"href":"https:\/\/encuentroinformativo.com.mx\/index.php?rest_route=\/wp\/v2\/media\/19249"}],"wp:attachment":[{"href":"https:\/\/encuentroinformativo.com.mx\/index.php?rest_route=%2Fwp%2Fv2%2Fmedia&parent=19248"}],"wp:term":[{"taxonomy":"category","embeddable":true,"href":"https:\/\/encuentroinformativo.com.mx\/index.php?rest_route=%2Fwp%2Fv2%2Fcategories&post=19248"},{"taxonomy":"post_tag","embeddable":true,"href":"https:\/\/encuentroinformativo.com.mx\/index.php?rest_route=%2Fwp%2Fv2%2Ftags&post=19248"}],"curies":[{"name":"wp","href":"https:\/\/api.w.org\/{rel}","templated":true}]}}