{"id":19262,"date":"2021-10-12T08:44:07","date_gmt":"2021-10-12T13:44:07","guid":{"rendered":"https:\/\/encuentroinformativo.com.mx\/?p=19262"},"modified":"2021-10-12T08:44:11","modified_gmt":"2021-10-12T13:44:11","slug":"la-mentada-reforma-energetica-para-dinamitar-alianza","status":"publish","type":"post","link":"https:\/\/encuentroinformativo.com.mx\/?p=19262","title":{"rendered":"LA MENTADA REFORMA ENERG\u00c9TICA \u00bfPARA DINAMITAR ALIANZA?"},"content":{"rendered":"\n<p><strong>ColumnaSinNombre<br>@pablojair<\/strong><\/p>\n\n\n\n<ul class=\"wp-block-list\"><li>Antonio \u201cN\u201d, un a\u00f1o preso; \u00bfno le encontraron nada a Clementina?<\/li><li>Como la rola de Sting: un \u201cchocojarocho\u201d en New York.<\/li><li>Se aplic\u00f3 SCT por deslaves y lluvias en San Andr\u00e9s Tuxtla.<\/li><\/ul>\n\n\n\n<p>El mejor caballero dorado es Camus de Acuario<br>\u2014Chopenjawer fan de Saint Seiya<\/p>\n\n\n\n<p>Me habla mi vecino Don Carlos, que le sabe al tema energ\u00e9tico, y me explica el asunto de la Reforma Energ\u00e9tica que busca el presidente Andr\u00e9s Manuel L\u00f3pez Obrador.<\/p>\n\n\n\n<p>Comenta que la Reforma del entonces presidente Enrique Pe\u00f1a Nieto efectivamente sirvi\u00f3 para que industrias tuvieran la oportunidad de contratar a empresas privadas generadoras de energ\u00eda; que el tema era el \u201cporteo\u201d, es decir, la utilizaci\u00f3n de la infraestructura existente de la Comisi\u00f3n Federal de Electricidad (CFE) para que estos pagaran una \u201crenta\u201d para abastecer a sus clientes, mientras la CFE surt\u00eda al consumo nacional dom\u00e9stico. Aparentemente esto era un buen negocio, pues la empresa ganaba s\u00f3lo por el uso de la \u201crenta\u201d de la \u201cinfrestructochor\u201d.<\/p>\n\n\n\n<p>Pone un ejemplo que s\u00ed afect\u00f3 en los tiempos m\u00e1s \u00e1lgidos del neoliberalismo: en tiempos de Salinas de Gortari, cuando se vendi\u00f3 Tel\u00e9fonos de M\u00e9xico a Carlos Slim, al otrora hombre m\u00e1s rico del mundo se le dio pr\u00e1cticamente todo: no s\u00f3lo la operaci\u00f3n de telecomunicaciones, sino tambi\u00e9n los fierros, antenas, postes, l\u00edneas, etc. Es decir, en lugar de que el estado se quedara con toda esa infraestructura para \u201crentar\u201d y ganar, se le dio todo a mi t\u00edo Carlos.<\/p>\n\n\n\n<p>Con la nueva Reforma, el control lo vuelve a tener la CFE. Las empresas privadas generadoras de energ\u00eda (que por ende abastec\u00edan a un costo m\u00e1s barato) tendr\u00e1n que echarse para atr\u00e1s para que la empoderada CFE sea la que abastezca la energ\u00eda.<\/p>\n\n\n\n<p>Peeeeeero el asunto es a ver si podr\u00e1 la CFE abastecer con la \u201cinfrestructochor\u201d propia y adem\u00e1s pierde un negocio viable de renta de las l\u00edneas, adem\u00e1s de que se podr\u00edan venir cascadas de amparos y juicios de las empresas privadas generadoras de energ\u00eda porque ya ten\u00edan concesiones otorgadas por varios a\u00f1os.<\/p>\n\n\n\n<p>Por lo pronto, en la \u201cma\u00f1anera\u201d de este lunes, el presidente L\u00f3pez Obrador arremeti\u00f3: \u201cSe les deja el 46 por ciento del mercado, 54 para la Comisi\u00f3n Federal de Electricidad. Si quieren hacer negocios, ah\u00ed est\u00e1, negocios con ganancias razonables. A robar a otro lado\u201d.<\/p>\n\n\n\n<p>Y ya encarrerado, se fue contra las multinacionales como Femsa: \u201cVerg\u00fcenza les deber\u00eda de dar, con todo respeto, a los de Oxxo. \u00a1C\u00f3mo van a estar en contra de la reforma energ\u00e9tica si es inmoral lo que est\u00e1n haciendo!\u201d<\/p>\n\n\n\n<p>Lo interesante (de aprobarse la Reforma Energ\u00e9tica) es ver qu\u00e9 pasar\u00eda con todas las granjas y parques construidos por la iniciativa privada, pues la secretaria de Energ\u00eda, Roc\u00edo Nahle Garc\u00eda, dice que no se van a nacionalizar; en teor\u00eda, quedar\u00edan como fierros viejos, se expropiar\u00edan o \u2014escenario muy jalado\u2014 terminar\u00edan don\u00e1ndose al Estado.<\/p>\n\n\n\n<p>Pero m\u00e1s all\u00e1 de la parte t\u00e9cnica, hay tambi\u00e9n un trasfondo pol\u00edtico; el aventar dicha Reforma parece que fue con toda la premeditaci\u00f3n, alevos\u00eda y ventaja para dinamitar la alianza PRIANRD en el Congreso de la Uni\u00f3n o por lo menos para ir midiendo al agua a los camotes para futuras iniciativas presidenciales.<\/p>\n\n\n\n<p>Mire, hace algunos a\u00f1os, un connotado pri\u00edsta del Comit\u00e9 Directivo Estatal en Veracruz hablaba con mi patr\u00f3n C\u00e9sar V\u00e1zquez Chagoya (abrazo al cielo) sobre la grilla nacional. Ah\u00ed sentado con su amigo, fumando como chacuacos, este personaje le hablaba de algo que era secreto a voces, pero que muchos odiaban admitir: \u201c\u00bfTu crees que l\u00edderes como Manlio Fabio Beltrones o Emilio Gamboa realmente les importa el PRI, mi C\u00e9sar? Les vale madre, esos cabrones representan intereses de multinacionales, de industriales, empresarios\u2026 Y si les vale madre el partido, pos les vale m\u00e1s todav\u00eda el pa\u00eds\u201d.<\/p>\n\n\n\n<p>Y s\u00ed, durante a\u00f1os ha sido secreto a voces que \u2014no s\u00f3lo en el PRI ni en M\u00e9xico\u2014 algunos legisladores son simples \u201clobbistas\u201d o representantes del sector privado, trabajando para sus intereses.<\/p>\n\n\n\n<p>En ese sentido, el presidente Andr\u00e9s Manuel L\u00f3pez Obrador ha estado muy enf\u00e1tico en el tema de la Reforma Energ\u00e9tica porque sabe que ah\u00ed hay muchos intereses metidos.<\/p>\n\n\n\n<p>En el sur de Veracruz, uno puede ser testigo de lo anterior: por a\u00f1os se supieron de los negocios privados con Petr\u00f3leos Mexicanos, las \u201ccompa\u00f1\u00edas\u201d que eran de pol\u00edticos y funcionarios que trabajaban con contratos millonarios para la paraestatal, saqueos en la Petroqu\u00edmica, excesos que llevaron a la desaparici\u00f3n de la flota a\u00e9rea de Pemex porque simplemente eran utilizados para viajes personales de las familias de los altos funcionarios, el huachicol que casualmente parece que no detectaban en las oficinas centrales, entre otras chuladas. Ya ni se diga de la corrupci\u00f3n o las ventas de plazas.<\/p>\n\n\n\n<p>Ahora imagine todo eso a nivel nacional en otras \u00e1reas estrat\u00e9gicas como la Comisi\u00f3n Federal de Electricidad, que durante a\u00f1os ha sido de las empresas emblem\u00e1ticas del estado mexicano, pero tambi\u00e9n de las que m\u00e1s ha tenido quejas por a\u00f1os debido a su p\u00e9simo servicio y altas tarifas, hoy dirigida \u2014por cierto\u2014 por un expri\u00edsta controvertido y se\u00f1alado.<\/p>\n\n\n\n<p>As\u00ed, la Reforma va enfocada a trabar a las grandes empresas multinacionales que se hicieron millonarias sin pagar un peso al estado de impuestos o de uso de energ\u00eda el\u00e9ctrica nacional, sino usando la de empresas privadas que sirvieron como minis CFE.<\/p>\n\n\n\n<p>El asunto es que mientras la 4T ya propone su reforma para robustecer a una pol\u00e9mica CFE y de paso ir marcando pauta con el tema del litio (que ser\u00e1 algo as\u00ed como el nuevo oro), el presidente ya de plano puso contra la pared al partido que precisamente durante a\u00f1os tuvo el control del tema energ\u00e9tico en el pa\u00eds, aliado con sindicatos como el petrolero que durante a\u00f1os fueron el ejemplo de esc\u00e1ndalos de corrupci\u00f3n.<\/p>\n\n\n\n<p>En este tenor, L\u00f3pez Obrador sabe que puso al PRI en una situaci\u00f3n de fuerte presi\u00f3n y ante la opini\u00f3n p\u00fablica sabe que los puede exhibir como el tricolor que sigue en la misma sinton\u00eda del pasado o el que puede acordar con los nuevos intereses y metas del gobierno en turno.<\/p>\n\n\n\n<p>El presidente, por lo que se vio, tiene al PRI contra las cuerdas y lo tiene acorralado.<\/p>\n\n\n\n<p>Otro que, seg\u00fan el diario El Universal, al parecer tampoco tiene todo el consenso, es el PRD.<\/p>\n\n\n\n<p>Seg\u00fan una editorial del rotativo: \u201cNos hacen saber que a pesar de que, ante los reflectores, el PRD tiene una postura muy clara y contundente en contra de la Reforma El\u00e9ctrica planteada por el Presidente, al interior del partido no es as\u00ed. Nos cuentan que, dentro del Comit\u00e9 Ejecutivo Nacional, hay quienes le han pedido a su dirigente Jes\u00fas Zambrano que no deseche la posibilidad de analizar la iniciativa presidencial tal y como lo est\u00e1 haciendo el PRI. Los perredistas le han recordado a Zambrano que el sol azteca vot\u00f3 en contra de la reforma energ\u00e9tica de Enrique Pe\u00f1a Nieto por lo que resultar\u00e1 contradictorio hacer lo mismo ahora que se presenta la oportunidad de dar marcha atr\u00e1s a la ley vigente en la materia. Est\u00e1 por verse si la dirigencia del PRD puede convencer a todos sus legisladores de votar en bloque en un mismo sentido, o se dividir\u00e1. Su pasado, est\u00e1 cobrando al PRD una factura, nos dicen\u201d.<\/p>\n\n\n\n<p>Este asunto deber\u00eda tener, en teor\u00eda, a los operadores pol\u00edticos del presidente para sacar adelante la votaci\u00f3n que necesitan para aprobarse la Reforma Energ\u00e9tica.<\/p>\n\n\n\n<p>Y s\u00ed: no es lo mismo las cabezas que se re\u00fanen para decirse fuerte en la alianza PRIANRD a los legisladores federales que no tienen necesariamente qu\u00e9 rendirle cuentas a las presidencias nacionales de los partidos.<\/p>\n\n\n\n<p>Aqu\u00ed se medir\u00e1 realmente si tienen peso las dirigencias nacionales y los liderazgos de los presidentes de oposici\u00f3n, pero tambi\u00e9n la fuerza e influencia del presidente en el Poder Legislativo.<\/p>\n\n\n\n<p><strong>NOTA PARA PEGAR EN EL REFRI:<\/strong> \u201cComo resultado de la audiencia inicial dentro del Proceso Penal 440\/2019, Antonio \u201cN\u201d- ex Secretario de Finanzas y Planeaci\u00f3n del Estado- fue imputado a los delitos de abuso de autoridad, incumplimiento del deber legal y desv\u00edo de recursos, por lo que fue sometido a la medida cautelar de prisi\u00f3n preventiva justificada por el lapso de un a\u00f1o\u201d, informa el portal Versiones\u2026 La que anda desaparecida (y en una de esas hasta protegida con amigos de la 4T) es Clementina Guerrero, la famosa \u201cTula\u201d, quien estuvo a cargo de las finanzas de la Universidad Veracruzana en tiempos de Sarita y del Gobierno de Veracruz en los dos a\u00f1os de la gubernatura de \u201cCascarita\u201d\u2026 \u00bfA poco de veras no le encuentran nada y ya la libr\u00f3? \u00bfY sus flamantes antecesores duartistas?<\/p>\n\n\n\n<p><strong>OTRA NOTA:<\/strong> El presidente Andr\u00e9s Manuel L\u00f3pez Obrador estar\u00e1 en la sede de la Organizaci\u00f3n de las Naciones Unidas (ONU) el pr\u00f3ximo 9 de noviembre porque M\u00e9xico va a asumir la presidencia del Consejo de Seguridad, adelant\u00f3 en la \u201cma\u00f1anera\u201d de este lunes\u2026 Apenas en febrero de este a\u00f1o, el \u201cchocojarocho\u201d lanz\u00f3 una fuerte cr\u00edtica contra dicha organizaci\u00f3n por no tener \u201cun papel m\u00e1s activo\u201d para garantizar un acceso equitativo a la vacuna COVID-19. \u201cParece un florero, est\u00e1 de adorno\u201d, fueron las textuales del \u201cpreciso\u201d\u2026 Otro que tambi\u00e9n se lanz\u00f3 duro en mayo fue el secretario de Relaciones Exteriores, Marcelo Ebrard. En ese entonces criticaba: \u201cEl Consejo de Seguridad es una aberraci\u00f3n, es una injusticia\u201d, hablando del tema del conflicto armado entre Israel y Palestina\u2026 Por cierto, esta ser\u00eda la segunda ocasi\u00f3n en la que el mandatario nacional viaja al extranjero y nuevamente ser\u00e1 en el gabacho\u2026 A ver si no se le quedan viendo feo.<\/p>\n\n\n\n<p><strong>LA \u00daLTIMA PORQUE TECITO DE NARANJA: <\/strong>Mientras andaba la fiesta en Otatitl\u00e1n \u2014que termin\u00f3 en un partido de beisbol local con la mayor\u00eda de la clase pol\u00edtica reunida en ese pueblito de la Cuenca\u2014 los que se aplicaron de volada para reparar deslaves y derrumbes en la zona de Santiago Tuxtla (fuertes lluvias cayeron la semana pasada en el sur de Veracruz) fueron los del Centro de la Secretar\u00eda de Comunicaciones y Transportes (SCT) en Veracruz, dirigidos por el ingeniero Ram\u00f3n \u00c1lvarez Font\u00e1n. De acuerdo a informaci\u00f3n proporcionada por la dependencia, el deslave da\u00f1\u00f3 parte de la carretera Paso del Toro-Acayucan, espec\u00edficamente en el tramo: Paso del Toro-Santiago Tuxtla, en el kil\u00f3metro 71+080, del lado derecho, siendo reparado sin suspenderse el tr\u00e1fico. De igual manera, en la ruta 180 tramo Santiago Tuxtla-Acayucan se presentaron m\u00faltiples derrumbes en los kil\u00f3metros 152+450, as\u00ed como en el 151+800 y en el kil\u00f3metro 137+100, todos atendidos. Vientos.<\/p>\n","protected":false},"excerpt":{"rendered":"<p>ColumnaSinNombre@pablojair Antonio \u201cN\u201d, un a\u00f1o preso; \u00bfno le encontraron nada a Clementina? Como la rola de Sting: un \u201cchocojarocho\u201d en New York. Se aplic\u00f3 SCT por deslaves y lluvias en San Andr\u00e9s Tuxtla. El mejor caballero dorado es Camus de Acuario\u2014Chopenjawer fan de Saint Seiya Me habla mi vecino Don Carlos, que le sabe al [&hellip;]<\/p>\n","protected":false},"author":1,"featured_media":488,"comment_status":"open","ping_status":"open","sticky":false,"template":"","format":"standard","meta":{"_jetpack_memberships_contains_paid_content":false,"footnotes":""},"categories":[11],"tags":[],"class_list":["post-19262","post","type-post","status-publish","format-standard","has-post-thumbnail","hentry","category-opinion"],"jetpack_featured_media_url":"https:\/\/encuentroinformativo.com.mx\/wp-content\/uploads\/2020\/03\/F471F608-BA1A-416B-BA7B-BCFB24F4E6D0.jpeg","jetpack_sharing_enabled":true,"jetpack_likes_enabled":true,"amp_enabled":true,"_links":{"self":[{"href":"https:\/\/encuentroinformativo.com.mx\/index.php?rest_route=\/wp\/v2\/posts\/19262","targetHints":{"allow":["GET"]}}],"collection":[{"href":"https:\/\/encuentroinformativo.com.mx\/index.php?rest_route=\/wp\/v2\/posts"}],"about":[{"href":"https:\/\/encuentroinformativo.com.mx\/index.php?rest_route=\/wp\/v2\/types\/post"}],"author":[{"embeddable":true,"href":"https:\/\/encuentroinformativo.com.mx\/index.php?rest_route=\/wp\/v2\/users\/1"}],"replies":[{"embeddable":true,"href":"https:\/\/encuentroinformativo.com.mx\/index.php?rest_route=%2Fwp%2Fv2%2Fcomments&post=19262"}],"version-history":[{"count":1,"href":"https:\/\/encuentroinformativo.com.mx\/index.php?rest_route=\/wp\/v2\/posts\/19262\/revisions"}],"predecessor-version":[{"id":19263,"href":"https:\/\/encuentroinformativo.com.mx\/index.php?rest_route=\/wp\/v2\/posts\/19262\/revisions\/19263"}],"wp:featuredmedia":[{"embeddable":true,"href":"https:\/\/encuentroinformativo.com.mx\/index.php?rest_route=\/wp\/v2\/media\/488"}],"wp:attachment":[{"href":"https:\/\/encuentroinformativo.com.mx\/index.php?rest_route=%2Fwp%2Fv2%2Fmedia&parent=19262"}],"wp:term":[{"taxonomy":"category","embeddable":true,"href":"https:\/\/encuentroinformativo.com.mx\/index.php?rest_route=%2Fwp%2Fv2%2Fcategories&post=19262"},{"taxonomy":"post_tag","embeddable":true,"href":"https:\/\/encuentroinformativo.com.mx\/index.php?rest_route=%2Fwp%2Fv2%2Ftags&post=19262"}],"curies":[{"name":"wp","href":"https:\/\/api.w.org\/{rel}","templated":true}]}}