{"id":19264,"date":"2021-10-12T10:01:45","date_gmt":"2021-10-12T15:01:45","guid":{"rendered":"https:\/\/encuentroinformativo.com.mx\/?p=19264"},"modified":"2021-10-12T10:01:47","modified_gmt":"2021-10-12T15:01:47","slug":"mayra-cortes","status":"publish","type":"post","link":"https:\/\/encuentroinformativo.com.mx\/?p=19264","title":{"rendered":"Mayra Cort\u00e9s"},"content":{"rendered":"\n<p><strong>Los Pol\u00edticos<\/strong><\/p>\n\n\n\n<p><strong>Salvador Mu\u00f1oz<\/strong><\/p>\n\n\n\n<p>Hasta el momento, ni ella ni \u00e9l han confirmado el rumor que en redes sociales como en grupos de whatsapp se solt\u00f3 desde el pasado fin de semana: Mayra Cort\u00e9s, como compa\u00f1era de f\u00f3rmula de Joaqu\u00edn Guzm\u00e1n Avil\u00e9s\u2026 ser\u00eda secretaria general del PAN.<\/p>\n\n\n\n<p>Al PAN en Veracruz, hasta el momento, no se le conoce mujer en el buen sentido de la palabra. Es decir, no sabe lo que es que una mujer lleve las riendas del partido y por otro lado, tampoco se recuerda alguna dama que haya ocupado por elecci\u00f3n, una secretar\u00eda general.<\/p>\n\n\n\n<p>Si bien es cierto, por Ley hoy ya se debe llevar una f\u00f3rmula de paridad, tambi\u00e9n es m\u00e1s cierto que el PAN se hab\u00eda concentrado como un partido \u201cClub de Toby\u201d donde la panista era una excelente colaboradora pero a la que no le permit\u00edan mayores espacios que los designados para ella, como el de la Promoci\u00f3n Pol\u00edtica de la Mujer donde si no pon\u00edan a un hombre era porque ser\u00eda muy obvio&#8230;<\/p>\n\n\n\n<p>La menci\u00f3n de Mayra Cort\u00e9s Rodr\u00edguez como compa\u00f1era de f\u00f3rmula del Chapito, \u201cairea\u201d la candidatura de Guzm\u00e1n Avil\u00e9s y de cierto modo, despabila al panismo y a las panistas en particular.<\/p>\n\n\n\n<p>Nos referimos al Panismo (hombres y mujeres) ajeno a grupos o cacicazgos que fue de un modo u otro, echo a un lado por \u00e9stos y al que s\u00f3lo acud\u00eda (como en breve han de hacerlo) en cada proceso electoral ya sea externo o interno.<\/p>\n\n\n\n<p>Nos referimos a las panistas en particular como Mayra Cort\u00e9s que durante a\u00f1os vienen picando piedra pero de un modo u otro, siempre han sido desplazadas por las otras mujeres (esposas y ahijadas de las circunstancias) que si bien, han hecho un papel decoroso, los secuestradores del PAN borran de un plumazo el trabajo de las panistas de sangre azul.<\/p>\n\n\n\n<p>Se insiste\u2026 hasta el momento, ni Mayra ni el Chapito han desmentido o confirmado esto, pero al interior del panismo, la menci\u00f3n de esta militante como candidata a la Secretar\u00eda General genera afinidad a lo largo y ancho del estado para quienes saben del trabajo que por el partido, ha hecho esta xalape\u00f1a.<\/p>\n\n\n\n<p>Muchos ven en esta posible postulaci\u00f3n, como la oportunidad de Joaqu\u00edn Guzm\u00e1n Avil\u00e9s de hacer algo que el PAN olvid\u00f3 en f\u00e1cil cerca de dos d\u00e9cadas: formar liderazgos.<\/p>\n\n\n\n<p>Por favor amigos panistas\u2026 no confundan \u201cLiderazgo\u201d con \u201cCacicazgo\u201d&#8230; y no se habla de un L\u00edder que arrastre a todos en Veracruz, sino de afinar o pulir esos liderazgos locales, regionales, de estos personajes que en su pueblo y sociedad, organizan y encabezan luchas sociales en beneficio de su comunidad\u2026<\/p>\n\n\n\n<p>Si es cierta la versi\u00f3n de que Mayra Cort\u00e9s va como secretaria general de la f\u00f3rmula que encabeza El Chapito, \u00a1aguas! la joven Mayra puede despertar a ese panismo adormilado por los caciques y grupos que han secuestrado al PAN y sobre todo, viene a darle a la panista, la que viene haciendo talacha, la oportunidad que desde hace rato espera de su partido, que al parecer opt\u00f3 por darle a parientas, esposas y ahijadas (por aquello de los Padrinos M\u00e1gicos), un espacio que ellas se hab\u00edan ganado y merec\u00edan\u2026<\/p>\n\n\n\n<p>Si es cierto, con Mayra, el Chapito concilia con el panismo&#8230;<\/p>\n\n\n\n<p><a>smcainito@gmail.com<\/a><\/p>\n","protected":false},"excerpt":{"rendered":"<p>Los Pol\u00edticos Salvador Mu\u00f1oz Hasta el momento, ni ella ni \u00e9l han confirmado el rumor que en redes sociales como en grupos de whatsapp se solt\u00f3 desde el pasado fin de semana: Mayra Cort\u00e9s, como compa\u00f1era de f\u00f3rmula de Joaqu\u00edn Guzm\u00e1n Avil\u00e9s\u2026 ser\u00eda secretaria general del PAN. Al PAN en Veracruz, hasta el momento, no [&hellip;]<\/p>\n","protected":false},"author":1,"featured_media":387,"comment_status":"open","ping_status":"open","sticky":false,"template":"","format":"standard","meta":{"_jetpack_memberships_contains_paid_content":false,"footnotes":""},"categories":[11],"tags":[],"class_list":["post-19264","post","type-post","status-publish","format-standard","has-post-thumbnail","hentry","category-opinion"],"jetpack_featured_media_url":"https:\/\/encuentroinformativo.com.mx\/wp-content\/uploads\/2020\/03\/7CF8A22B-2764-47BE-8F7F-38FE9E5D6A2F.jpeg","jetpack_sharing_enabled":true,"jetpack_likes_enabled":true,"amp_enabled":true,"_links":{"self":[{"href":"https:\/\/encuentroinformativo.com.mx\/index.php?rest_route=\/wp\/v2\/posts\/19264","targetHints":{"allow":["GET"]}}],"collection":[{"href":"https:\/\/encuentroinformativo.com.mx\/index.php?rest_route=\/wp\/v2\/posts"}],"about":[{"href":"https:\/\/encuentroinformativo.com.mx\/index.php?rest_route=\/wp\/v2\/types\/post"}],"author":[{"embeddable":true,"href":"https:\/\/encuentroinformativo.com.mx\/index.php?rest_route=\/wp\/v2\/users\/1"}],"replies":[{"embeddable":true,"href":"https:\/\/encuentroinformativo.com.mx\/index.php?rest_route=%2Fwp%2Fv2%2Fcomments&post=19264"}],"version-history":[{"count":1,"href":"https:\/\/encuentroinformativo.com.mx\/index.php?rest_route=\/wp\/v2\/posts\/19264\/revisions"}],"predecessor-version":[{"id":19265,"href":"https:\/\/encuentroinformativo.com.mx\/index.php?rest_route=\/wp\/v2\/posts\/19264\/revisions\/19265"}],"wp:featuredmedia":[{"embeddable":true,"href":"https:\/\/encuentroinformativo.com.mx\/index.php?rest_route=\/wp\/v2\/media\/387"}],"wp:attachment":[{"href":"https:\/\/encuentroinformativo.com.mx\/index.php?rest_route=%2Fwp%2Fv2%2Fmedia&parent=19264"}],"wp:term":[{"taxonomy":"category","embeddable":true,"href":"https:\/\/encuentroinformativo.com.mx\/index.php?rest_route=%2Fwp%2Fv2%2Fcategories&post=19264"},{"taxonomy":"post_tag","embeddable":true,"href":"https:\/\/encuentroinformativo.com.mx\/index.php?rest_route=%2Fwp%2Fv2%2Ftags&post=19264"}],"curies":[{"name":"wp","href":"https:\/\/api.w.org\/{rel}","templated":true}]}}